{"id":6675,"date":"2014-04-22T09:38:25","date_gmt":"2014-04-22T09:38:25","guid":{"rendered":"http:\/\/inmoking.com\/?p=6675"},"modified":"2021-09-22T14:50:46","modified_gmt":"2021-09-22T12:50:46","slug":"decathlon-easy-abrira-su-primera-tienda-en-la-comunidad-valenciana","status":"publish","type":"post","link":"https:\/\/inmoking.com\/actualidad\/decathlon-easy-abrira-su-primera-tienda-en-la-comunidad-valenciana\/","title":{"rendered":"Decathlon Easy abrir\u00e1 su primera tienda en la Comunidad Valenciana"},"content":{"rendered":"\n<p><strong>Decathlon Easy<\/strong>, nuevo concepto del grupo Oxylane, tiene prevista la apertura de su primera tienda en la Comunidad Valenciana, trabajando fuertemente junto a la promotora y el ayuntamiento con el objetivo del pr\u00f3ximo mes de junio en Vinaroz, aunque la firma no ha publicitado fecha alguna.&nbsp;Decathlon Easy forma parte de la Red de Empresas Oxylane (Decathlon, Decathlon.com, Decat) y comparte con estos, la filosof\u00eda de hacer accesible a todos el placer del deporte y las Marcas Pasi\u00f3n del Grupo: Quechua, Wedza, Kalenji, Tribord, Domyos, Kispta\u2026<\/p>\n\n\n\n<p>El concepto Decathlon Easy nace en 2004 con la primera tienda en Francia, a las afueras de Lyon, con el objetivo de ofrecer a sus clientes productos deportivos a bajo precio, en 2006 abren su segunda tienda en Francia y en 2007 la tercera, valid\u00e1ndose ese mismo a\u00f1o el desarrollo internacional. La apertura de la primera tienda fuera de territorio franc\u00e9s, fue en Espa\u00f1a, en la localidad de Olias del Rey (Toledo) y se produjo en 2008. En 2009 se producen 3 nuevas aperturas en Espa\u00f1a, y se extiende la expansi\u00f3n internacional a pa\u00edses como Italia, Portugal, Marruecos o China.<\/p>\n\n\n\n<p>La tienda de Vinaroz, se sumar\u00e1 a las nuevas apertura previstas para este 2014 en Espa\u00f1a de Decathlon Easy, ocupar\u00e1 una parcela de unos 4.000 m\u00b2 junto a Mc Donald\u00b4s y frente a Carrefour, en la misma entrada de este. Decathlon Easy tendr\u00e1 una tienda de 1.400 m\u00b2 con 48 plazas de parking exclusivo.<\/p>\n\n\n\n<p>La operaci\u00f3n ha sido posible gracias al trabajo desarrollado por la consultora <strong>Inmoking Real Estate S.A<\/strong>. que ha aportado un promotor valenciano al que ha asesorado en la adquisici\u00f3n del suelo comercial para desarrollar el proyecto y arrendarle el inmueble a Decathlon Easy. Con esta operaci\u00f3n, Inmoking continua su crecimiento en este tipo de operaciones llave en mano en las que est\u00e1 especializado. La operaci\u00f3n global constaba de la compra de un solar de 5.600 m\u00b2, e Inmoking ha incluido en los 1.600 m\u00b2 restantes una gasolinera de la firma<strong>Gas Express<\/strong>&nbsp; tipo \u201cLow Cost\u201d, consiguiendo as\u00ed, por una parte incrementar la rentabilidad del inversor, y por otra una ubicaci\u00f3n extraordinaria para la firma de gasolineras m\u00e1s activa del mercado en el principal complejo comercial de la zona, junto a operadores como los mencionados Decathlon Easy, Mc Donald\u00b4s, Carrefour o Aldi.<\/p>\n","protected":false},"excerpt":{"rendered":"<p>Decathlon Easy, nuevo concepto del grupo Oxylane, tiene prevista la apertura de su primera tienda en la Comunidad Valenciana, trabajando fuertemente junto a la promotora y el ayuntamiento con el objetivo del pr\u00f3ximo mes de junio en Vinaroz, aunque la firma no ha publicitado fecha alguna.&nbsp;Decathlon Easy forma parte de la Red de Empresas Oxylane&hellip; <a class=\"more-link\" href=\"https:\/\/inmoking.com\/actualidad\/decathlon-easy-abrira-su-primera-tienda-en-la-comunidad-valenciana\/\">Seguir leyendo <span class=\"screen-reader-text\">Decathlon Easy abrir\u00e1 su primera tienda en la Comunidad Valenciana<\/span><\/a><\/p>\n","protected":false},"author":1,"featured_media":6763,"comment_status":"open","ping_status":"closed","sticky":false,"template":"","format":"standard","meta":{"footnotes":""},"categories":[6],"tags":[15,2,7,5],"class_list":["post-6675","post","type-post","status-publish","format-standard","has-post-thumbnail","hentry","category-noticias-inmoking","tag-asesoramiento","tag-compra","tag-local-comercial","tag-suelo-comercial","entry"],"yoast_head":"<!-- This site is optimized with the Yoast SEO plugin v27.4 - https:\/\/yoast.com\/product\/yoast-seo-wordpress\/ -->\n<title>Decathlon Easy abrir\u00e1 su primera tienda en la Comunidad Valenciana - Actualidad Inmoking<\/title>\n<meta name=\"description\" content=\"Decathlon Easy, nuevo concepto del grupo Oxylane, tiene prevista la apertura de su primera tienda en la Comunidad Valenciana de la mano de Inmoking\" \/>\n<meta name=\"robots\" content=\"index, follow, max-snippet:-1, max-image-preview:large, max-video-preview:-1\" \/>\n<link rel=\"canonical\" href=\"https:\/\/inmoking.com\/actualidad\/decathlon-easy-abrira-su-primera-tienda-en-la-comunidad-valenciana\/\" \/>\n<meta property=\"og:locale\" content=\"es_ES\" \/>\n<meta property=\"og:type\" content=\"article\" \/>\n<meta property=\"og:title\" content=\"Decathlon Easy abrir\u00e1 su primera tienda en la Comunidad Valenciana - Actualidad Inmoking\" \/>\n<meta property=\"og:description\" content=\"Decathlon Easy, nuevo concepto del grupo Oxylane, tiene prevista la apertura de su primera tienda en la Comunidad Valenciana de la mano de Inmoking\" \/>\n<meta property=\"og:url\" content=\"https:\/\/inmoking.com\/actualidad\/decathlon-easy-abrira-su-primera-tienda-en-la-comunidad-valenciana\/\" \/>\n<meta property=\"og:site_name\" content=\"Actualidad Inmoking\" \/>\n<meta property=\"article:published_time\" content=\"2014-04-22T09:38:25+00:00\" \/>\n<meta property=\"article:modified_time\" content=\"2021-09-22T12:50:46+00:00\" \/>\n<meta property=\"og:image\" content=\"https:\/\/inmoking.com\/actualidad\/wp-content\/uploads\/2014\/07\/decat-easy.png\" \/>\n\t<meta property=\"og:image:width\" content=\"300\" \/>\n\t<meta property=\"og:image:height\" content=\"199\" \/>\n\t<meta property=\"og:image:type\" content=\"image\/png\" \/>\n<meta name=\"author\" content=\"inmoking\" \/>\n<meta name=\"twitter:card\" content=\"summary_large_image\" \/>\n<meta name=\"twitter:label1\" content=\"Escrito por\" \/>\n\t<meta name=\"twitter:data1\" content=\"inmoking\" \/>\n\t<meta name=\"twitter:label2\" content=\"Tiempo de lectura\" \/>\n\t<meta name=\"twitter:data2\" content=\"2 minutos\" \/>\n<script type=\"application\/ld+json\" class=\"yoast-schema-graph\">{\"@context\":\"https:\\\/\\\/schema.org\",\"@graph\":[{\"@type\":\"Article\",\"@id\":\"https:\\\/\\\/inmoking.com\\\/actualidad\\\/decathlon-easy-abrira-su-primera-tienda-en-la-comunidad-valenciana\\\/#article\",\"isPartOf\":{\"@id\":\"https:\\\/\\\/inmoking.com\\\/actualidad\\\/decathlon-easy-abrira-su-primera-tienda-en-la-comunidad-valenciana\\\/\"},\"author\":{\"name\":\"inmoking\",\"@id\":\"https:\\\/\\\/inmoking.com\\\/actualidad\\\/#\\\/schema\\\/person\\\/14cf29860202c36f88f0a45a5c201335\"},\"headline\":\"Decathlon Easy abrir\u00e1 su primera tienda en la Comunidad Valenciana\",\"datePublished\":\"2014-04-22T09:38:25+00:00\",\"dateModified\":\"2021-09-22T12:50:46+00:00\",\"mainEntityOfPage\":{\"@id\":\"https:\\\/\\\/inmoking.com\\\/actualidad\\\/decathlon-easy-abrira-su-primera-tienda-en-la-comunidad-valenciana\\\/\"},\"wordCount\":401,\"commentCount\":0,\"publisher\":{\"@id\":\"https:\\\/\\\/inmoking.com\\\/actualidad\\\/#organization\"},\"image\":{\"@id\":\"https:\\\/\\\/inmoking.com\\\/actualidad\\\/decathlon-easy-abrira-su-primera-tienda-en-la-comunidad-valenciana\\\/#primaryimage\"},\"thumbnailUrl\":\"https:\\\/\\\/inmoking.com\\\/actualidad\\\/wp-content\\\/uploads\\\/2014\\\/07\\\/decat-easy.png\",\"keywords\":[\"asesoramiento\",\"compra\",\"local comercial\",\"suelo comercial\"],\"articleSection\":[\"Noticias\"],\"inLanguage\":\"es\",\"potentialAction\":[{\"@type\":\"CommentAction\",\"name\":\"Comment\",\"target\":[\"https:\\\/\\\/inmoking.com\\\/actualidad\\\/decathlon-easy-abrira-su-primera-tienda-en-la-comunidad-valenciana\\\/#respond\"]}]},{\"@type\":\"WebPage\",\"@id\":\"https:\\\/\\\/inmoking.com\\\/actualidad\\\/decathlon-easy-abrira-su-primera-tienda-en-la-comunidad-valenciana\\\/\",\"url\":\"https:\\\/\\\/inmoking.com\\\/actualidad\\\/decathlon-easy-abrira-su-primera-tienda-en-la-comunidad-valenciana\\\/\",\"name\":\"Decathlon Easy abrir\u00e1 su primera tienda en la Comunidad Valenciana - Actualidad Inmoking\",\"isPartOf\":{\"@id\":\"https:\\\/\\\/inmoking.com\\\/actualidad\\\/#website\"},\"primaryImageOfPage\":{\"@id\":\"https:\\\/\\\/inmoking.com\\\/actualidad\\\/decathlon-easy-abrira-su-primera-tienda-en-la-comunidad-valenciana\\\/#primaryimage\"},\"image\":{\"@id\":\"https:\\\/\\\/inmoking.com\\\/actualidad\\\/decathlon-easy-abrira-su-primera-tienda-en-la-comunidad-valenciana\\\/#primaryimage\"},\"thumbnailUrl\":\"https:\\\/\\\/inmoking.com\\\/actualidad\\\/wp-content\\\/uploads\\\/2014\\\/07\\\/decat-easy.png\",\"datePublished\":\"2014-04-22T09:38:25+00:00\",\"dateModified\":\"2021-09-22T12:50:46+00:00\",\"description\":\"Decathlon Easy, nuevo concepto del grupo Oxylane, tiene prevista la apertura de su primera tienda en la Comunidad Valenciana de la mano de Inmoking\",\"inLanguage\":\"es\",\"potentialAction\":[{\"@type\":\"ReadAction\",\"target\":[\"https:\\\/\\\/inmoking.com\\\/actualidad\\\/decathlon-easy-abrira-su-primera-tienda-en-la-comunidad-valenciana\\\/\"]}]},{\"@type\":\"ImageObject\",\"inLanguage\":\"es\",\"@id\":\"https:\\\/\\\/inmoking.com\\\/actualidad\\\/decathlon-easy-abrira-su-primera-tienda-en-la-comunidad-valenciana\\\/#primaryimage\",\"url\":\"https:\\\/\\\/inmoking.com\\\/actualidad\\\/wp-content\\\/uploads\\\/2014\\\/07\\\/decat-easy.png\",\"contentUrl\":\"https:\\\/\\\/inmoking.com\\\/actualidad\\\/wp-content\\\/uploads\\\/2014\\\/07\\\/decat-easy.png\",\"width\":300,\"height\":199,\"caption\":\"inmoking\"},{\"@type\":\"WebSite\",\"@id\":\"https:\\\/\\\/inmoking.com\\\/actualidad\\\/#website\",\"url\":\"https:\\\/\\\/inmoking.com\\\/actualidad\\\/\",\"name\":\"Actualidad Inmoking\",\"description\":\"Blog sector inmobiliario de Inmoking Real Estate\",\"publisher\":{\"@id\":\"https:\\\/\\\/inmoking.com\\\/actualidad\\\/#organization\"},\"potentialAction\":[{\"@type\":\"SearchAction\",\"target\":{\"@type\":\"EntryPoint\",\"urlTemplate\":\"https:\\\/\\\/inmoking.com\\\/actualidad\\\/?s={search_term_string}\"},\"query-input\":{\"@type\":\"PropertyValueSpecification\",\"valueRequired\":true,\"valueName\":\"search_term_string\"}}],\"inLanguage\":\"es\"},{\"@type\":\"Organization\",\"@id\":\"https:\\\/\\\/inmoking.com\\\/actualidad\\\/#organization\",\"name\":\"Actualidad Inmoking\",\"url\":\"https:\\\/\\\/inmoking.com\\\/actualidad\\\/\",\"logo\":{\"@type\":\"ImageObject\",\"inLanguage\":\"es\",\"@id\":\"https:\\\/\\\/inmoking.com\\\/actualidad\\\/#\\\/schema\\\/logo\\\/image\\\/\",\"url\":\"https:\\\/\\\/inmoking.com\\\/actualidad\\\/wp-content\\\/uploads\\\/2021\\\/09\\\/logo-inmoking.png\",\"contentUrl\":\"https:\\\/\\\/inmoking.com\\\/actualidad\\\/wp-content\\\/uploads\\\/2021\\\/09\\\/logo-inmoking.png\",\"width\":360,\"height\":58,\"caption\":\"Actualidad Inmoking\"},\"image\":{\"@id\":\"https:\\\/\\\/inmoking.com\\\/actualidad\\\/#\\\/schema\\\/logo\\\/image\\\/\"}},{\"@type\":\"Person\",\"@id\":\"https:\\\/\\\/inmoking.com\\\/actualidad\\\/#\\\/schema\\\/person\\\/14cf29860202c36f88f0a45a5c201335\",\"name\":\"inmoking\",\"image\":{\"@type\":\"ImageObject\",\"inLanguage\":\"es\",\"@id\":\"https:\\\/\\\/secure.gravatar.com\\\/avatar\\\/1f1809877ea8af7f9f97d3c51a9e7b3c8274c8c24cbe33702167a88a0413bdd5?s=96&d=mm&r=g\",\"url\":\"https:\\\/\\\/secure.gravatar.com\\\/avatar\\\/1f1809877ea8af7f9f97d3c51a9e7b3c8274c8c24cbe33702167a88a0413bdd5?s=96&d=mm&r=g\",\"contentUrl\":\"https:\\\/\\\/secure.gravatar.com\\\/avatar\\\/1f1809877ea8af7f9f97d3c51a9e7b3c8274c8c24cbe33702167a88a0413bdd5?s=96&d=mm&r=g\",\"caption\":\"inmoking\"},\"sameAs\":[\"https:\\\/\\\/www.inmoking.com\\\/actualidad\"],\"url\":\"https:\\\/\\\/inmoking.com\\\/actualidad\\\/author\\\/inmoking\\\/\"}]}<\/script>\n<!-- \/ Yoast SEO plugin. -->","yoast_head_json":{"title":"Decathlon Easy abrir\u00e1 su primera tienda en la Comunidad Valenciana - Actualidad Inmoking","description":"Decathlon Easy, nuevo concepto del grupo Oxylane, tiene prevista la apertura de su primera tienda en la Comunidad Valenciana de la mano de Inmoking","robots":{"index":"index","follow":"follow","max-snippet":"max-snippet:-1","max-image-preview":"max-image-preview:large","max-video-preview":"max-video-preview:-1"},"canonical":"https:\/\/inmoking.com\/actualidad\/decathlon-easy-abrira-su-primera-tienda-en-la-comunidad-valenciana\/","og_locale":"es_ES","og_type":"article","og_title":"Decathlon Easy abrir\u00e1 su primera tienda en la Comunidad Valenciana - Actualidad Inmoking","og_description":"Decathlon Easy, nuevo concepto del grupo Oxylane, tiene prevista la apertura de su primera tienda en la Comunidad Valenciana de la mano de Inmoking","og_url":"https:\/\/inmoking.com\/actualidad\/decathlon-easy-abrira-su-primera-tienda-en-la-comunidad-valenciana\/","og_site_name":"Actualidad Inmoking","article_published_time":"2014-04-22T09:38:25+00:00","article_modified_time":"2021-09-22T12:50:46+00:00","og_image":[{"width":300,"height":199,"url":"https:\/\/inmoking.com\/actualidad\/wp-content\/uploads\/2014\/07\/decat-easy.png","type":"image\/png"}],"author":"inmoking","twitter_card":"summary_large_image","twitter_misc":{"Escrito por":"inmoking","Tiempo de lectura":"2 minutos"},"schema":{"@context":"https:\/\/schema.org","@graph":[{"@type":"Article","@id":"https:\/\/inmoking.com\/actualidad\/decathlon-easy-abrira-su-primera-tienda-en-la-comunidad-valenciana\/#article","isPartOf":{"@id":"https:\/\/inmoking.com\/actualidad\/decathlon-easy-abrira-su-primera-tienda-en-la-comunidad-valenciana\/"},"author":{"name":"inmoking","@id":"https:\/\/inmoking.com\/actualidad\/#\/schema\/person\/14cf29860202c36f88f0a45a5c201335"},"headline":"Decathlon Easy abrir\u00e1 su primera tienda en la Comunidad Valenciana","datePublished":"2014-04-22T09:38:25+00:00","dateModified":"2021-09-22T12:50:46+00:00","mainEntityOfPage":{"@id":"https:\/\/inmoking.com\/actualidad\/decathlon-easy-abrira-su-primera-tienda-en-la-comunidad-valenciana\/"},"wordCount":401,"commentCount":0,"publisher":{"@id":"https:\/\/inmoking.com\/actualidad\/#organization"},"image":{"@id":"https:\/\/inmoking.com\/actualidad\/decathlon-easy-abrira-su-primera-tienda-en-la-comunidad-valenciana\/#primaryimage"},"thumbnailUrl":"https:\/\/inmoking.com\/actualidad\/wp-content\/uploads\/2014\/07\/decat-easy.png","keywords":["asesoramiento","compra","local comercial","suelo comercial"],"articleSection":["Noticias"],"inLanguage":"es","potentialAction":[{"@type":"CommentAction","name":"Comment","target":["https:\/\/inmoking.com\/actualidad\/decathlon-easy-abrira-su-primera-tienda-en-la-comunidad-valenciana\/#respond"]}]},{"@type":"WebPage","@id":"https:\/\/inmoking.com\/actualidad\/decathlon-easy-abrira-su-primera-tienda-en-la-comunidad-valenciana\/","url":"https:\/\/inmoking.com\/actualidad\/decathlon-easy-abrira-su-primera-tienda-en-la-comunidad-valenciana\/","name":"Decathlon Easy abrir\u00e1 su primera tienda en la Comunidad Valenciana - Actualidad Inmoking","isPartOf":{"@id":"https:\/\/inmoking.com\/actualidad\/#website"},"primaryImageOfPage":{"@id":"https:\/\/inmoking.com\/actualidad\/decathlon-easy-abrira-su-primera-tienda-en-la-comunidad-valenciana\/#primaryimage"},"image":{"@id":"https:\/\/inmoking.com\/actualidad\/decathlon-easy-abrira-su-primera-tienda-en-la-comunidad-valenciana\/#primaryimage"},"thumbnailUrl":"https:\/\/inmoking.com\/actualidad\/wp-content\/uploads\/2014\/07\/decat-easy.png","datePublished":"2014-04-22T09:38:25+00:00","dateModified":"2021-09-22T12:50:46+00:00","description":"Decathlon Easy, nuevo concepto del grupo Oxylane, tiene prevista la apertura de su primera tienda en la Comunidad Valenciana de la mano de Inmoking","inLanguage":"es","potentialAction":[{"@type":"ReadAction","target":["https:\/\/inmoking.com\/actualidad\/decathlon-easy-abrira-su-primera-tienda-en-la-comunidad-valenciana\/"]}]},{"@type":"ImageObject","inLanguage":"es","@id":"https:\/\/inmoking.com\/actualidad\/decathlon-easy-abrira-su-primera-tienda-en-la-comunidad-valenciana\/#primaryimage","url":"https:\/\/inmoking.com\/actualidad\/wp-content\/uploads\/2014\/07\/decat-easy.png","contentUrl":"https:\/\/inmoking.com\/actualidad\/wp-content\/uploads\/2014\/07\/decat-easy.png","width":300,"height":199,"caption":"inmoking"},{"@type":"WebSite","@id":"https:\/\/inmoking.com\/actualidad\/#website","url":"https:\/\/inmoking.com\/actualidad\/","name":"Actualidad Inmoking","description":"Blog sector inmobiliario de Inmoking Real Estate","publisher":{"@id":"https:\/\/inmoking.com\/actualidad\/#organization"},"potentialAction":[{"@type":"SearchAction","target":{"@type":"EntryPoint","urlTemplate":"https:\/\/inmoking.com\/actualidad\/?s={search_term_string}"},"query-input":{"@type":"PropertyValueSpecification","valueRequired":true,"valueName":"search_term_string"}}],"inLanguage":"es"},{"@type":"Organization","@id":"https:\/\/inmoking.com\/actualidad\/#organization","name":"Actualidad Inmoking","url":"https:\/\/inmoking.com\/actualidad\/","logo":{"@type":"ImageObject","inLanguage":"es","@id":"https:\/\/inmoking.com\/actualidad\/#\/schema\/logo\/image\/","url":"https:\/\/inmoking.com\/actualidad\/wp-content\/uploads\/2021\/09\/logo-inmoking.png","contentUrl":"https:\/\/inmoking.com\/actualidad\/wp-content\/uploads\/2021\/09\/logo-inmoking.png","width":360,"height":58,"caption":"Actualidad Inmoking"},"image":{"@id":"https:\/\/inmoking.com\/actualidad\/#\/schema\/logo\/image\/"}},{"@type":"Person","@id":"https:\/\/inmoking.com\/actualidad\/#\/schema\/person\/14cf29860202c36f88f0a45a5c201335","name":"inmoking","image":{"@type":"ImageObject","inLanguage":"es","@id":"https:\/\/secure.gravatar.com\/avatar\/1f1809877ea8af7f9f97d3c51a9e7b3c8274c8c24cbe33702167a88a0413bdd5?s=96&d=mm&r=g","url":"https:\/\/secure.gravatar.com\/avatar\/1f1809877ea8af7f9f97d3c51a9e7b3c8274c8c24cbe33702167a88a0413bdd5?s=96&d=mm&r=g","contentUrl":"https:\/\/secure.gravatar.com\/avatar\/1f1809877ea8af7f9f97d3c51a9e7b3c8274c8c24cbe33702167a88a0413bdd5?s=96&d=mm&r=g","caption":"inmoking"},"sameAs":["https:\/\/www.inmoking.com\/actualidad"],"url":"https:\/\/inmoking.com\/actualidad\/author\/inmoking\/"}]}},"_links":{"self":[{"href":"https:\/\/inmoking.com\/actualidad\/wp-json\/wp\/v2\/posts\/6675","targetHints":{"allow":["GET"]}}],"collection":[{"href":"https:\/\/inmoking.com\/actualidad\/wp-json\/wp\/v2\/posts"}],"about":[{"href":"https:\/\/inmoking.com\/actualidad\/wp-json\/wp\/v2\/types\/post"}],"author":[{"embeddable":true,"href":"https:\/\/inmoking.com\/actualidad\/wp-json\/wp\/v2\/users\/1"}],"replies":[{"embeddable":true,"href":"https:\/\/inmoking.com\/actualidad\/wp-json\/wp\/v2\/comments?post=6675"}],"version-history":[{"count":1,"href":"https:\/\/inmoking.com\/actualidad\/wp-json\/wp\/v2\/posts\/6675\/revisions"}],"predecessor-version":[{"id":36257,"href":"https:\/\/inmoking.com\/actualidad\/wp-json\/wp\/v2\/posts\/6675\/revisions\/36257"}],"wp:featuredmedia":[{"embeddable":true,"href":"https:\/\/inmoking.com\/actualidad\/wp-json\/wp\/v2\/media\/6763"}],"wp:attachment":[{"href":"https:\/\/inmoking.com\/actualidad\/wp-json\/wp\/v2\/media?parent=6675"}],"wp:term":[{"taxonomy":"category","embeddable":true,"href":"https:\/\/inmoking.com\/actualidad\/wp-json\/wp\/v2\/categories?post=6675"},{"taxonomy":"post_tag","embeddable":true,"href":"https:\/\/inmoking.com\/actualidad\/wp-json\/wp\/v2\/tags?post=6675"}],"curies":[{"name":"wp","href":"https:\/\/api.w.org\/{rel}","templated":true}]}}