{"id":6540,"date":"2013-05-21T09:43:23","date_gmt":"2013-05-21T09:43:23","guid":{"rendered":"http:\/\/inmoking.com\/?p=6540"},"modified":"2021-09-22T14:27:48","modified_gmt":"2021-09-22T12:27:48","slug":"los-centros-comerciales-aguantan-el-tipo-este-ano-se-abriran-seis-en-espana","status":"publish","type":"post","link":"https:\/\/inmoking.com\/actualidad\/los-centros-comerciales-aguantan-el-tipo-este-ano-se-abriran-seis-en-espana\/","title":{"rendered":"\u00abLos centros comerciales aguantan el tipo, este a\u00f1o se abrir\u00e1n seis en Espa\u00f1a\u00bb"},"content":{"rendered":"\n<p>Mientras otros productos dentro del sector inmobiliario no est\u00e1n en su mejor momento, el desarrollo de los centros comerciales en Espa\u00f1a no cesa, a pesar de las previsiones que aventuran un estancamiento del consumo en los pr\u00f3ximos a\u00f1os. El reciente anuncio de la subida del IVA repercute de forma directa sobre el negocio de estas grandes explotaciones, sin embargo, a pesar de que las ventas no han dejado de caer desde 2008, el margen de crecimiento sigue siendo notable y evidencia que el sector est\u00e1 consiguiendo capear el temporal.<\/p>\n\n\n\n<p>Javier Garc\u00eda-Renedo, presidente de la Asociaci\u00f3n Espa\u00f1ola de Centros Comerciales, se muestra optimista de cara al futuro y asegura que \u201ctodav\u00eda hay mucho margen para crecer ya que las actividades de estos centros s\u00f3lo representan un 15% de las ventas minoristas\u201d. En Espa\u00f1a hay m\u00e1s de 530 centros comerciales que emplean a 315.000 trabajadores y generan unos ingresos de m\u00e1s de 200.000 millones de euros.<\/p>\n\n\n\n<p>\u201cLa bajada de precios del suelo hacen que hoy en d\u00eda sea rentable invertir en un proyecto y abrir un centro comercial si sabes que naces para competir. Este a\u00f1o en Espa\u00f1a se van a abrir seis nuevos complejos y uno de ellos, en Zaragoza, va a ser el m\u00e1s grande de Espa\u00f1a\u201d.<\/p>\n\n\n\n<pre class=\"wp-block-preformatted\">Fuente: <a href=\"http:\/\/www.elconfidencial.com\/\">www.elconfidencial.com<\/a><\/pre>\n","protected":false},"excerpt":{"rendered":"<p>Mientras otros productos dentro del sector inmobiliario no est\u00e1n en su mejor momento, el desarrollo de los centros comerciales en Espa\u00f1a no cesa, a pesar de las previsiones que aventuran un estancamiento del consumo en los pr\u00f3ximos a\u00f1os. El reciente anuncio de la subida del IVA repercute de forma directa sobre el negocio de estas&hellip; <a class=\"more-link\" href=\"https:\/\/inmoking.com\/actualidad\/los-centros-comerciales-aguantan-el-tipo-este-ano-se-abriran-seis-en-espana\/\">Seguir leyendo <span class=\"screen-reader-text\">\u00abLos centros comerciales aguantan el tipo, este a\u00f1o se abrir\u00e1n seis en Espa\u00f1a\u00bb<\/span><\/a><\/p>\n","protected":false},"author":1,"featured_media":6541,"comment_status":"open","ping_status":"closed","sticky":false,"template":"","format":"standard","meta":{"footnotes":""},"categories":[16],"tags":[17,7,5],"class_list":["post-6540","post","type-post","status-publish","format-standard","has-post-thumbnail","hentry","category-comercial","tag-centro-comercial","tag-local-comercial","tag-suelo-comercial","entry"],"yoast_head":"<!-- This site is optimized with the Yoast SEO plugin v27.4 - https:\/\/yoast.com\/product\/yoast-seo-wordpress\/ -->\n<title>&quot;Los centros comerciales aguantan el tipo, este a\u00f1o se abrir\u00e1n seis en Espa\u00f1a&quot; - Actualidad Inmoking<\/title>\n<meta name=\"description\" content=\"Mientras otros productos dentro del sector inmobiliario no est\u00e1n en su mejor momento, el desarrollo de los centros comerciales en Espa\u00f1a no cesa\" \/>\n<meta name=\"robots\" content=\"index, follow, max-snippet:-1, max-image-preview:large, max-video-preview:-1\" \/>\n<link rel=\"canonical\" href=\"https:\/\/inmoking.com\/actualidad\/los-centros-comerciales-aguantan-el-tipo-este-ano-se-abriran-seis-en-espana\/\" \/>\n<meta property=\"og:locale\" content=\"es_ES\" \/>\n<meta property=\"og:type\" content=\"article\" \/>\n<meta property=\"og:title\" content=\"&quot;Los centros comerciales aguantan el tipo, este a\u00f1o se abrir\u00e1n seis en Espa\u00f1a&quot; - Actualidad Inmoking\" \/>\n<meta property=\"og:description\" content=\"Mientras otros productos dentro del sector inmobiliario no est\u00e1n en su mejor momento, el desarrollo de los centros comerciales en Espa\u00f1a no cesa\" \/>\n<meta property=\"og:url\" content=\"https:\/\/inmoking.com\/actualidad\/los-centros-comerciales-aguantan-el-tipo-este-ano-se-abriran-seis-en-espana\/\" \/>\n<meta property=\"og:site_name\" content=\"Actualidad Inmoking\" \/>\n<meta property=\"article:published_time\" content=\"2013-05-21T09:43:23+00:00\" \/>\n<meta property=\"article:modified_time\" content=\"2021-09-22T12:27:48+00:00\" \/>\n<meta property=\"og:image\" content=\"https:\/\/inmoking.com\/actualidad\/wp-content\/uploads\/2015\/10\/cc-general.jpg\" \/>\n\t<meta property=\"og:image:width\" content=\"640\" \/>\n\t<meta property=\"og:image:height\" content=\"426\" \/>\n\t<meta property=\"og:image:type\" content=\"image\/jpeg\" \/>\n<meta name=\"author\" content=\"inmoking\" \/>\n<meta name=\"twitter:card\" content=\"summary_large_image\" \/>\n<meta name=\"twitter:label1\" content=\"Escrito por\" \/>\n\t<meta name=\"twitter:data1\" content=\"inmoking\" \/>\n\t<meta name=\"twitter:label2\" content=\"Tiempo de lectura\" \/>\n\t<meta name=\"twitter:data2\" content=\"1 minuto\" \/>\n<script type=\"application\/ld+json\" class=\"yoast-schema-graph\">{\"@context\":\"https:\\\/\\\/schema.org\",\"@graph\":[{\"@type\":\"Article\",\"@id\":\"https:\\\/\\\/inmoking.com\\\/actualidad\\\/los-centros-comerciales-aguantan-el-tipo-este-ano-se-abriran-seis-en-espana\\\/#article\",\"isPartOf\":{\"@id\":\"https:\\\/\\\/inmoking.com\\\/actualidad\\\/los-centros-comerciales-aguantan-el-tipo-este-ano-se-abriran-seis-en-espana\\\/\"},\"author\":{\"name\":\"inmoking\",\"@id\":\"https:\\\/\\\/inmoking.com\\\/actualidad\\\/#\\\/schema\\\/person\\\/14cf29860202c36f88f0a45a5c201335\"},\"headline\":\"\u00abLos centros comerciales aguantan el tipo, este a\u00f1o se abrir\u00e1n seis en Espa\u00f1a\u00bb\",\"datePublished\":\"2013-05-21T09:43:23+00:00\",\"dateModified\":\"2021-09-22T12:27:48+00:00\",\"mainEntityOfPage\":{\"@id\":\"https:\\\/\\\/inmoking.com\\\/actualidad\\\/los-centros-comerciales-aguantan-el-tipo-este-ano-se-abriran-seis-en-espana\\\/\"},\"wordCount\":235,\"commentCount\":0,\"publisher\":{\"@id\":\"https:\\\/\\\/inmoking.com\\\/actualidad\\\/#organization\"},\"image\":{\"@id\":\"https:\\\/\\\/inmoking.com\\\/actualidad\\\/los-centros-comerciales-aguantan-el-tipo-este-ano-se-abriran-seis-en-espana\\\/#primaryimage\"},\"thumbnailUrl\":\"https:\\\/\\\/inmoking.com\\\/actualidad\\\/wp-content\\\/uploads\\\/2015\\\/10\\\/cc-general.jpg\",\"keywords\":[\"centro comercial\",\"local comercial\",\"suelo comercial\"],\"articleSection\":[\"Comercial\"],\"inLanguage\":\"es\",\"potentialAction\":[{\"@type\":\"CommentAction\",\"name\":\"Comment\",\"target\":[\"https:\\\/\\\/inmoking.com\\\/actualidad\\\/los-centros-comerciales-aguantan-el-tipo-este-ano-se-abriran-seis-en-espana\\\/#respond\"]}]},{\"@type\":\"WebPage\",\"@id\":\"https:\\\/\\\/inmoking.com\\\/actualidad\\\/los-centros-comerciales-aguantan-el-tipo-este-ano-se-abriran-seis-en-espana\\\/\",\"url\":\"https:\\\/\\\/inmoking.com\\\/actualidad\\\/los-centros-comerciales-aguantan-el-tipo-este-ano-se-abriran-seis-en-espana\\\/\",\"name\":\"\\\"Los centros comerciales aguantan el tipo, este a\u00f1o se abrir\u00e1n seis en Espa\u00f1a\\\" - Actualidad Inmoking\",\"isPartOf\":{\"@id\":\"https:\\\/\\\/inmoking.com\\\/actualidad\\\/#website\"},\"primaryImageOfPage\":{\"@id\":\"https:\\\/\\\/inmoking.com\\\/actualidad\\\/los-centros-comerciales-aguantan-el-tipo-este-ano-se-abriran-seis-en-espana\\\/#primaryimage\"},\"image\":{\"@id\":\"https:\\\/\\\/inmoking.com\\\/actualidad\\\/los-centros-comerciales-aguantan-el-tipo-este-ano-se-abriran-seis-en-espana\\\/#primaryimage\"},\"thumbnailUrl\":\"https:\\\/\\\/inmoking.com\\\/actualidad\\\/wp-content\\\/uploads\\\/2015\\\/10\\\/cc-general.jpg\",\"datePublished\":\"2013-05-21T09:43:23+00:00\",\"dateModified\":\"2021-09-22T12:27:48+00:00\",\"description\":\"Mientras otros productos dentro del sector inmobiliario no est\u00e1n en su mejor momento, el desarrollo de los centros comerciales en Espa\u00f1a no cesa\",\"inLanguage\":\"es\",\"potentialAction\":[{\"@type\":\"ReadAction\",\"target\":[\"https:\\\/\\\/inmoking.com\\\/actualidad\\\/los-centros-comerciales-aguantan-el-tipo-este-ano-se-abriran-seis-en-espana\\\/\"]}]},{\"@type\":\"ImageObject\",\"inLanguage\":\"es\",\"@id\":\"https:\\\/\\\/inmoking.com\\\/actualidad\\\/los-centros-comerciales-aguantan-el-tipo-este-ano-se-abriran-seis-en-espana\\\/#primaryimage\",\"url\":\"https:\\\/\\\/inmoking.com\\\/actualidad\\\/wp-content\\\/uploads\\\/2015\\\/10\\\/cc-general.jpg\",\"contentUrl\":\"https:\\\/\\\/inmoking.com\\\/actualidad\\\/wp-content\\\/uploads\\\/2015\\\/10\\\/cc-general.jpg\",\"width\":640,\"height\":426,\"caption\":\"inomking\"},{\"@type\":\"WebSite\",\"@id\":\"https:\\\/\\\/inmoking.com\\\/actualidad\\\/#website\",\"url\":\"https:\\\/\\\/inmoking.com\\\/actualidad\\\/\",\"name\":\"Actualidad Inmoking\",\"description\":\"Blog sector inmobiliario de Inmoking Real Estate\",\"publisher\":{\"@id\":\"https:\\\/\\\/inmoking.com\\\/actualidad\\\/#organization\"},\"potentialAction\":[{\"@type\":\"SearchAction\",\"target\":{\"@type\":\"EntryPoint\",\"urlTemplate\":\"https:\\\/\\\/inmoking.com\\\/actualidad\\\/?s={search_term_string}\"},\"query-input\":{\"@type\":\"PropertyValueSpecification\",\"valueRequired\":true,\"valueName\":\"search_term_string\"}}],\"inLanguage\":\"es\"},{\"@type\":\"Organization\",\"@id\":\"https:\\\/\\\/inmoking.com\\\/actualidad\\\/#organization\",\"name\":\"Actualidad Inmoking\",\"url\":\"https:\\\/\\\/inmoking.com\\\/actualidad\\\/\",\"logo\":{\"@type\":\"ImageObject\",\"inLanguage\":\"es\",\"@id\":\"https:\\\/\\\/inmoking.com\\\/actualidad\\\/#\\\/schema\\\/logo\\\/image\\\/\",\"url\":\"https:\\\/\\\/inmoking.com\\\/actualidad\\\/wp-content\\\/uploads\\\/2021\\\/09\\\/logo-inmoking.png\",\"contentUrl\":\"https:\\\/\\\/inmoking.com\\\/actualidad\\\/wp-content\\\/uploads\\\/2021\\\/09\\\/logo-inmoking.png\",\"width\":360,\"height\":58,\"caption\":\"Actualidad Inmoking\"},\"image\":{\"@id\":\"https:\\\/\\\/inmoking.com\\\/actualidad\\\/#\\\/schema\\\/logo\\\/image\\\/\"}},{\"@type\":\"Person\",\"@id\":\"https:\\\/\\\/inmoking.com\\\/actualidad\\\/#\\\/schema\\\/person\\\/14cf29860202c36f88f0a45a5c201335\",\"name\":\"inmoking\",\"image\":{\"@type\":\"ImageObject\",\"inLanguage\":\"es\",\"@id\":\"https:\\\/\\\/secure.gravatar.com\\\/avatar\\\/1f1809877ea8af7f9f97d3c51a9e7b3c8274c8c24cbe33702167a88a0413bdd5?s=96&d=mm&r=g\",\"url\":\"https:\\\/\\\/secure.gravatar.com\\\/avatar\\\/1f1809877ea8af7f9f97d3c51a9e7b3c8274c8c24cbe33702167a88a0413bdd5?s=96&d=mm&r=g\",\"contentUrl\":\"https:\\\/\\\/secure.gravatar.com\\\/avatar\\\/1f1809877ea8af7f9f97d3c51a9e7b3c8274c8c24cbe33702167a88a0413bdd5?s=96&d=mm&r=g\",\"caption\":\"inmoking\"},\"sameAs\":[\"https:\\\/\\\/www.inmoking.com\\\/actualidad\"],\"url\":\"https:\\\/\\\/inmoking.com\\\/actualidad\\\/author\\\/inmoking\\\/\"}]}<\/script>\n<!-- \/ Yoast SEO plugin. -->","yoast_head_json":{"title":"\"Los centros comerciales aguantan el tipo, este a\u00f1o se abrir\u00e1n seis en Espa\u00f1a\" - Actualidad Inmoking","description":"Mientras otros productos dentro del sector inmobiliario no est\u00e1n en su mejor momento, el desarrollo de los centros comerciales en Espa\u00f1a no cesa","robots":{"index":"index","follow":"follow","max-snippet":"max-snippet:-1","max-image-preview":"max-image-preview:large","max-video-preview":"max-video-preview:-1"},"canonical":"https:\/\/inmoking.com\/actualidad\/los-centros-comerciales-aguantan-el-tipo-este-ano-se-abriran-seis-en-espana\/","og_locale":"es_ES","og_type":"article","og_title":"\"Los centros comerciales aguantan el tipo, este a\u00f1o se abrir\u00e1n seis en Espa\u00f1a\" - Actualidad Inmoking","og_description":"Mientras otros productos dentro del sector inmobiliario no est\u00e1n en su mejor momento, el desarrollo de los centros comerciales en Espa\u00f1a no cesa","og_url":"https:\/\/inmoking.com\/actualidad\/los-centros-comerciales-aguantan-el-tipo-este-ano-se-abriran-seis-en-espana\/","og_site_name":"Actualidad Inmoking","article_published_time":"2013-05-21T09:43:23+00:00","article_modified_time":"2021-09-22T12:27:48+00:00","og_image":[{"width":640,"height":426,"url":"https:\/\/inmoking.com\/actualidad\/wp-content\/uploads\/2015\/10\/cc-general.jpg","type":"image\/jpeg"}],"author":"inmoking","twitter_card":"summary_large_image","twitter_misc":{"Escrito por":"inmoking","Tiempo de lectura":"1 minuto"},"schema":{"@context":"https:\/\/schema.org","@graph":[{"@type":"Article","@id":"https:\/\/inmoking.com\/actualidad\/los-centros-comerciales-aguantan-el-tipo-este-ano-se-abriran-seis-en-espana\/#article","isPartOf":{"@id":"https:\/\/inmoking.com\/actualidad\/los-centros-comerciales-aguantan-el-tipo-este-ano-se-abriran-seis-en-espana\/"},"author":{"name":"inmoking","@id":"https:\/\/inmoking.com\/actualidad\/#\/schema\/person\/14cf29860202c36f88f0a45a5c201335"},"headline":"\u00abLos centros comerciales aguantan el tipo, este a\u00f1o se abrir\u00e1n seis en Espa\u00f1a\u00bb","datePublished":"2013-05-21T09:43:23+00:00","dateModified":"2021-09-22T12:27:48+00:00","mainEntityOfPage":{"@id":"https:\/\/inmoking.com\/actualidad\/los-centros-comerciales-aguantan-el-tipo-este-ano-se-abriran-seis-en-espana\/"},"wordCount":235,"commentCount":0,"publisher":{"@id":"https:\/\/inmoking.com\/actualidad\/#organization"},"image":{"@id":"https:\/\/inmoking.com\/actualidad\/los-centros-comerciales-aguantan-el-tipo-este-ano-se-abriran-seis-en-espana\/#primaryimage"},"thumbnailUrl":"https:\/\/inmoking.com\/actualidad\/wp-content\/uploads\/2015\/10\/cc-general.jpg","keywords":["centro comercial","local comercial","suelo comercial"],"articleSection":["Comercial"],"inLanguage":"es","potentialAction":[{"@type":"CommentAction","name":"Comment","target":["https:\/\/inmoking.com\/actualidad\/los-centros-comerciales-aguantan-el-tipo-este-ano-se-abriran-seis-en-espana\/#respond"]}]},{"@type":"WebPage","@id":"https:\/\/inmoking.com\/actualidad\/los-centros-comerciales-aguantan-el-tipo-este-ano-se-abriran-seis-en-espana\/","url":"https:\/\/inmoking.com\/actualidad\/los-centros-comerciales-aguantan-el-tipo-este-ano-se-abriran-seis-en-espana\/","name":"\"Los centros comerciales aguantan el tipo, este a\u00f1o se abrir\u00e1n seis en Espa\u00f1a\" - Actualidad Inmoking","isPartOf":{"@id":"https:\/\/inmoking.com\/actualidad\/#website"},"primaryImageOfPage":{"@id":"https:\/\/inmoking.com\/actualidad\/los-centros-comerciales-aguantan-el-tipo-este-ano-se-abriran-seis-en-espana\/#primaryimage"},"image":{"@id":"https:\/\/inmoking.com\/actualidad\/los-centros-comerciales-aguantan-el-tipo-este-ano-se-abriran-seis-en-espana\/#primaryimage"},"thumbnailUrl":"https:\/\/inmoking.com\/actualidad\/wp-content\/uploads\/2015\/10\/cc-general.jpg","datePublished":"2013-05-21T09:43:23+00:00","dateModified":"2021-09-22T12:27:48+00:00","description":"Mientras otros productos dentro del sector inmobiliario no est\u00e1n en su mejor momento, el desarrollo de los centros comerciales en Espa\u00f1a no cesa","inLanguage":"es","potentialAction":[{"@type":"ReadAction","target":["https:\/\/inmoking.com\/actualidad\/los-centros-comerciales-aguantan-el-tipo-este-ano-se-abriran-seis-en-espana\/"]}]},{"@type":"ImageObject","inLanguage":"es","@id":"https:\/\/inmoking.com\/actualidad\/los-centros-comerciales-aguantan-el-tipo-este-ano-se-abriran-seis-en-espana\/#primaryimage","url":"https:\/\/inmoking.com\/actualidad\/wp-content\/uploads\/2015\/10\/cc-general.jpg","contentUrl":"https:\/\/inmoking.com\/actualidad\/wp-content\/uploads\/2015\/10\/cc-general.jpg","width":640,"height":426,"caption":"inomking"},{"@type":"WebSite","@id":"https:\/\/inmoking.com\/actualidad\/#website","url":"https:\/\/inmoking.com\/actualidad\/","name":"Actualidad Inmoking","description":"Blog sector inmobiliario de Inmoking Real Estate","publisher":{"@id":"https:\/\/inmoking.com\/actualidad\/#organization"},"potentialAction":[{"@type":"SearchAction","target":{"@type":"EntryPoint","urlTemplate":"https:\/\/inmoking.com\/actualidad\/?s={search_term_string}"},"query-input":{"@type":"PropertyValueSpecification","valueRequired":true,"valueName":"search_term_string"}}],"inLanguage":"es"},{"@type":"Organization","@id":"https:\/\/inmoking.com\/actualidad\/#organization","name":"Actualidad Inmoking","url":"https:\/\/inmoking.com\/actualidad\/","logo":{"@type":"ImageObject","inLanguage":"es","@id":"https:\/\/inmoking.com\/actualidad\/#\/schema\/logo\/image\/","url":"https:\/\/inmoking.com\/actualidad\/wp-content\/uploads\/2021\/09\/logo-inmoking.png","contentUrl":"https:\/\/inmoking.com\/actualidad\/wp-content\/uploads\/2021\/09\/logo-inmoking.png","width":360,"height":58,"caption":"Actualidad Inmoking"},"image":{"@id":"https:\/\/inmoking.com\/actualidad\/#\/schema\/logo\/image\/"}},{"@type":"Person","@id":"https:\/\/inmoking.com\/actualidad\/#\/schema\/person\/14cf29860202c36f88f0a45a5c201335","name":"inmoking","image":{"@type":"ImageObject","inLanguage":"es","@id":"https:\/\/secure.gravatar.com\/avatar\/1f1809877ea8af7f9f97d3c51a9e7b3c8274c8c24cbe33702167a88a0413bdd5?s=96&d=mm&r=g","url":"https:\/\/secure.gravatar.com\/avatar\/1f1809877ea8af7f9f97d3c51a9e7b3c8274c8c24cbe33702167a88a0413bdd5?s=96&d=mm&r=g","contentUrl":"https:\/\/secure.gravatar.com\/avatar\/1f1809877ea8af7f9f97d3c51a9e7b3c8274c8c24cbe33702167a88a0413bdd5?s=96&d=mm&r=g","caption":"inmoking"},"sameAs":["https:\/\/www.inmoking.com\/actualidad"],"url":"https:\/\/inmoking.com\/actualidad\/author\/inmoking\/"}]}},"_links":{"self":[{"href":"https:\/\/inmoking.com\/actualidad\/wp-json\/wp\/v2\/posts\/6540","targetHints":{"allow":["GET"]}}],"collection":[{"href":"https:\/\/inmoking.com\/actualidad\/wp-json\/wp\/v2\/posts"}],"about":[{"href":"https:\/\/inmoking.com\/actualidad\/wp-json\/wp\/v2\/types\/post"}],"author":[{"embeddable":true,"href":"https:\/\/inmoking.com\/actualidad\/wp-json\/wp\/v2\/users\/1"}],"replies":[{"embeddable":true,"href":"https:\/\/inmoking.com\/actualidad\/wp-json\/wp\/v2\/comments?post=6540"}],"version-history":[{"count":1,"href":"https:\/\/inmoking.com\/actualidad\/wp-json\/wp\/v2\/posts\/6540\/revisions"}],"predecessor-version":[{"id":36225,"href":"https:\/\/inmoking.com\/actualidad\/wp-json\/wp\/v2\/posts\/6540\/revisions\/36225"}],"wp:featuredmedia":[{"embeddable":true,"href":"https:\/\/inmoking.com\/actualidad\/wp-json\/wp\/v2\/media\/6541"}],"wp:attachment":[{"href":"https:\/\/inmoking.com\/actualidad\/wp-json\/wp\/v2\/media?parent=6540"}],"wp:term":[{"taxonomy":"category","embeddable":true,"href":"https:\/\/inmoking.com\/actualidad\/wp-json\/wp\/v2\/categories?post=6540"},{"taxonomy":"post_tag","embeddable":true,"href":"https:\/\/inmoking.com\/actualidad\/wp-json\/wp\/v2\/tags?post=6540"}],"curies":[{"name":"wp","href":"https:\/\/api.w.org\/{rel}","templated":true}]}}