{"id":6492,"date":"2015-02-25T08:54:07","date_gmt":"2015-02-25T08:54:07","guid":{"rendered":"http:\/\/inmoking.com\/?p=6492"},"modified":"2021-09-22T15:48:54","modified_gmt":"2021-09-22T13:48:54","slug":"los-poligonos-inician-la-recuperacion","status":"publish","type":"post","link":"https:\/\/inmoking.com\/actualidad\/los-poligonos-inician-la-recuperacion\/","title":{"rendered":"Los pol\u00edgonos inician la recuperaci\u00f3n"},"content":{"rendered":"\n<p>Reci\u00e9n empezado 2015&nbsp;los pol\u00edgonos industriales de la Comunitat Valenciana ya est\u00e1n notando el inicio de la recuperaci\u00f3n econ\u00f3mica. Se ha pasado del cierre generalizado de empresas, a comenzar a ver signos de mejora tanto en ocupaci\u00f3n de naves industriales, como de naves log\u00edsticas, lo que est\u00e1 influyendo de manera positiva en el incremento de oportunidades de empleo, que empiezan a ser habituales.<\/p>\n\n\n\n<p><strong>Ocupaci\u00f3n de naves<\/strong><\/p>\n\n\n\n<p>Santiago Salvador, presidente de Fepeval, organizaci\u00f3n que agrupa a los pol\u00edgonos industriales de la Comunitat, afirma: \u00abFrente a lo que hemos vivido en el \u00faltimo tiempo, hay un aumento considerable de los empresarios que preguntan por naves en los pol\u00edgonos de la Comunitat y de las ofertas de empleo que se registran\u00bb.<\/p>\n\n\n\n<p>Este optimismo se ve reflejado en los espacios industriales m\u00e1s consolidados como Fuente del Jarro de Paterna, el pol\u00edgono Mediterr\u00e1neo de Albuixech, o los terrenos pr\u00f3ximos a la factor\u00eda de Ford Almussafes.<\/p>\n\n\n\n<p>\u00abEn t\u00e9rminos generales, desde Fepeval hemos empezado a notar el inicio de la recuperaci\u00f3n de los pol\u00edgonos industriales\u00bb, asegura Santiago Salvador.<\/p>\n\n\n\n<p><strong>Perspectivas de empleo<\/strong><\/p>\n\n\n\n<p>\u00abAlgo se est\u00e1 moviendo, y las expectativas son buenas. Las ofertas de empleo est\u00e1n creciendo y en Paterna hemos pasado de no tener pr\u00e1cticamente, de manera que c\u00f3mo mucho se llegaba a diez, a superar las 60 durante esta semana\u00bb, explica Joaqu\u00edn Ballester, gerente de Asivalco, sociedad que gestiona el pol\u00edgono Fuente del Jarro en Paterna.<\/p>\n\n\n\n<p>El optimismo se est\u00e1 viendo reflejado tambi\u00e9n en otros pol\u00edgonos de la Comunitat como el Mediterr\u00e1neo de Albuixech. Tal y como asegura Ana Pardo, gerente de la organizaci\u00f3n: \u00abSe est\u00e1n instalando empresas t\u00edmidamente\u00bb. Desde el inicio de a\u00f1o, se est\u00e1n registrando movimientos en los parques industrial de la Comunitat Valenciana y la sensaci\u00f3n de haber tocado fondo y de que se va remontando empieza a calar entre los empresarios.<\/p>\n","protected":false},"excerpt":{"rendered":"<p>Reci\u00e9n empezado 2015&nbsp;los pol\u00edgonos industriales de la Comunitat Valenciana ya est\u00e1n notando el inicio de la recuperaci\u00f3n econ\u00f3mica. Se ha pasado del cierre generalizado de empresas, a comenzar a ver signos de mejora tanto en ocupaci\u00f3n de naves industriales, como de naves log\u00edsticas, lo que est\u00e1 influyendo de manera positiva en el incremento de oportunidades&hellip; <a class=\"more-link\" href=\"https:\/\/inmoking.com\/actualidad\/los-poligonos-inician-la-recuperacion\/\">Seguir leyendo <span class=\"screen-reader-text\">Los pol\u00edgonos inician la recuperaci\u00f3n<\/span><\/a><\/p>\n","protected":false},"author":1,"featured_media":6493,"comment_status":"open","ping_status":"closed","sticky":false,"template":"","format":"standard","meta":{"footnotes":""},"categories":[12],"tags":[2,5,8],"class_list":["post-6492","post","type-post","status-publish","format-standard","has-post-thumbnail","hentry","category-industria-y-logistica","tag-compra","tag-suelo-comercial","tag-suelo-industrial","entry"],"yoast_head":"<!-- This site is optimized with the Yoast SEO plugin v27.4 - https:\/\/yoast.com\/product\/yoast-seo-wordpress\/ -->\n<title>Los pol\u00edgonos inician la recuperaci\u00f3n - Actualidad Inmoking<\/title>\n<meta name=\"description\" content=\"Reci\u00e9n empezado 2015 los pol\u00edgonos industriales de la Comunitat Valenciana ya est\u00e1n notando el inicio de la recuperaci\u00f3n econ\u00f3mica\" \/>\n<meta name=\"robots\" content=\"index, follow, max-snippet:-1, max-image-preview:large, max-video-preview:-1\" \/>\n<link rel=\"canonical\" href=\"https:\/\/inmoking.com\/actualidad\/los-poligonos-inician-la-recuperacion\/\" \/>\n<meta property=\"og:locale\" content=\"es_ES\" \/>\n<meta property=\"og:type\" content=\"article\" \/>\n<meta property=\"og:title\" content=\"Los pol\u00edgonos inician la recuperaci\u00f3n - Actualidad Inmoking\" \/>\n<meta property=\"og:description\" content=\"Reci\u00e9n empezado 2015 los pol\u00edgonos industriales de la Comunitat Valenciana ya est\u00e1n notando el inicio de la recuperaci\u00f3n econ\u00f3mica\" \/>\n<meta property=\"og:url\" content=\"https:\/\/inmoking.com\/actualidad\/los-poligonos-inician-la-recuperacion\/\" \/>\n<meta property=\"og:site_name\" content=\"Actualidad Inmoking\" \/>\n<meta property=\"article:published_time\" content=\"2015-02-25T08:54:07+00:00\" \/>\n<meta property=\"article:modified_time\" content=\"2021-09-22T13:48:54+00:00\" \/>\n<meta property=\"og:image\" content=\"https:\/\/inmoking.com\/actualidad\/wp-content\/uploads\/2015\/10\/poligonos.jpg\" \/>\n\t<meta property=\"og:image:width\" content=\"632\" \/>\n\t<meta property=\"og:image:height\" content=\"438\" \/>\n\t<meta property=\"og:image:type\" content=\"image\/jpeg\" \/>\n<meta name=\"author\" content=\"inmoking\" \/>\n<meta name=\"twitter:card\" content=\"summary_large_image\" \/>\n<meta name=\"twitter:label1\" content=\"Escrito por\" \/>\n\t<meta name=\"twitter:data1\" content=\"inmoking\" \/>\n\t<meta name=\"twitter:label2\" content=\"Tiempo de lectura\" \/>\n\t<meta name=\"twitter:data2\" content=\"2 minutos\" \/>\n<script type=\"application\/ld+json\" class=\"yoast-schema-graph\">{\"@context\":\"https:\\\/\\\/schema.org\",\"@graph\":[{\"@type\":\"Article\",\"@id\":\"https:\\\/\\\/inmoking.com\\\/actualidad\\\/los-poligonos-inician-la-recuperacion\\\/#article\",\"isPartOf\":{\"@id\":\"https:\\\/\\\/inmoking.com\\\/actualidad\\\/los-poligonos-inician-la-recuperacion\\\/\"},\"author\":{\"name\":\"inmoking\",\"@id\":\"https:\\\/\\\/inmoking.com\\\/actualidad\\\/#\\\/schema\\\/person\\\/14cf29860202c36f88f0a45a5c201335\"},\"headline\":\"Los pol\u00edgonos inician la recuperaci\u00f3n\",\"datePublished\":\"2015-02-25T08:54:07+00:00\",\"dateModified\":\"2021-09-22T13:48:54+00:00\",\"mainEntityOfPage\":{\"@id\":\"https:\\\/\\\/inmoking.com\\\/actualidad\\\/los-poligonos-inician-la-recuperacion\\\/\"},\"wordCount\":338,\"commentCount\":0,\"publisher\":{\"@id\":\"https:\\\/\\\/inmoking.com\\\/actualidad\\\/#organization\"},\"image\":{\"@id\":\"https:\\\/\\\/inmoking.com\\\/actualidad\\\/los-poligonos-inician-la-recuperacion\\\/#primaryimage\"},\"thumbnailUrl\":\"https:\\\/\\\/inmoking.com\\\/actualidad\\\/wp-content\\\/uploads\\\/2015\\\/10\\\/poligonos.jpg\",\"keywords\":[\"compra\",\"suelo comercial\",\"suelo industrial\"],\"articleSection\":[\"Industria y Log\u00edstica\"],\"inLanguage\":\"es\",\"potentialAction\":[{\"@type\":\"CommentAction\",\"name\":\"Comment\",\"target\":[\"https:\\\/\\\/inmoking.com\\\/actualidad\\\/los-poligonos-inician-la-recuperacion\\\/#respond\"]}]},{\"@type\":\"WebPage\",\"@id\":\"https:\\\/\\\/inmoking.com\\\/actualidad\\\/los-poligonos-inician-la-recuperacion\\\/\",\"url\":\"https:\\\/\\\/inmoking.com\\\/actualidad\\\/los-poligonos-inician-la-recuperacion\\\/\",\"name\":\"Los pol\u00edgonos inician la recuperaci\u00f3n - Actualidad Inmoking\",\"isPartOf\":{\"@id\":\"https:\\\/\\\/inmoking.com\\\/actualidad\\\/#website\"},\"primaryImageOfPage\":{\"@id\":\"https:\\\/\\\/inmoking.com\\\/actualidad\\\/los-poligonos-inician-la-recuperacion\\\/#primaryimage\"},\"image\":{\"@id\":\"https:\\\/\\\/inmoking.com\\\/actualidad\\\/los-poligonos-inician-la-recuperacion\\\/#primaryimage\"},\"thumbnailUrl\":\"https:\\\/\\\/inmoking.com\\\/actualidad\\\/wp-content\\\/uploads\\\/2015\\\/10\\\/poligonos.jpg\",\"datePublished\":\"2015-02-25T08:54:07+00:00\",\"dateModified\":\"2021-09-22T13:48:54+00:00\",\"description\":\"Reci\u00e9n empezado 2015 los pol\u00edgonos industriales de la Comunitat Valenciana ya est\u00e1n notando el inicio de la recuperaci\u00f3n econ\u00f3mica\",\"inLanguage\":\"es\",\"potentialAction\":[{\"@type\":\"ReadAction\",\"target\":[\"https:\\\/\\\/inmoking.com\\\/actualidad\\\/los-poligonos-inician-la-recuperacion\\\/\"]}]},{\"@type\":\"ImageObject\",\"inLanguage\":\"es\",\"@id\":\"https:\\\/\\\/inmoking.com\\\/actualidad\\\/los-poligonos-inician-la-recuperacion\\\/#primaryimage\",\"url\":\"https:\\\/\\\/inmoking.com\\\/actualidad\\\/wp-content\\\/uploads\\\/2015\\\/10\\\/poligonos.jpg\",\"contentUrl\":\"https:\\\/\\\/inmoking.com\\\/actualidad\\\/wp-content\\\/uploads\\\/2015\\\/10\\\/poligonos.jpg\",\"width\":632,\"height\":438},{\"@type\":\"WebSite\",\"@id\":\"https:\\\/\\\/inmoking.com\\\/actualidad\\\/#website\",\"url\":\"https:\\\/\\\/inmoking.com\\\/actualidad\\\/\",\"name\":\"Actualidad Inmoking\",\"description\":\"Blog sector inmobiliario de Inmoking Real Estate\",\"publisher\":{\"@id\":\"https:\\\/\\\/inmoking.com\\\/actualidad\\\/#organization\"},\"potentialAction\":[{\"@type\":\"SearchAction\",\"target\":{\"@type\":\"EntryPoint\",\"urlTemplate\":\"https:\\\/\\\/inmoking.com\\\/actualidad\\\/?s={search_term_string}\"},\"query-input\":{\"@type\":\"PropertyValueSpecification\",\"valueRequired\":true,\"valueName\":\"search_term_string\"}}],\"inLanguage\":\"es\"},{\"@type\":\"Organization\",\"@id\":\"https:\\\/\\\/inmoking.com\\\/actualidad\\\/#organization\",\"name\":\"Actualidad Inmoking\",\"url\":\"https:\\\/\\\/inmoking.com\\\/actualidad\\\/\",\"logo\":{\"@type\":\"ImageObject\",\"inLanguage\":\"es\",\"@id\":\"https:\\\/\\\/inmoking.com\\\/actualidad\\\/#\\\/schema\\\/logo\\\/image\\\/\",\"url\":\"https:\\\/\\\/inmoking.com\\\/actualidad\\\/wp-content\\\/uploads\\\/2021\\\/09\\\/logo-inmoking.png\",\"contentUrl\":\"https:\\\/\\\/inmoking.com\\\/actualidad\\\/wp-content\\\/uploads\\\/2021\\\/09\\\/logo-inmoking.png\",\"width\":360,\"height\":58,\"caption\":\"Actualidad Inmoking\"},\"image\":{\"@id\":\"https:\\\/\\\/inmoking.com\\\/actualidad\\\/#\\\/schema\\\/logo\\\/image\\\/\"}},{\"@type\":\"Person\",\"@id\":\"https:\\\/\\\/inmoking.com\\\/actualidad\\\/#\\\/schema\\\/person\\\/14cf29860202c36f88f0a45a5c201335\",\"name\":\"inmoking\",\"image\":{\"@type\":\"ImageObject\",\"inLanguage\":\"es\",\"@id\":\"https:\\\/\\\/secure.gravatar.com\\\/avatar\\\/1f1809877ea8af7f9f97d3c51a9e7b3c8274c8c24cbe33702167a88a0413bdd5?s=96&d=mm&r=g\",\"url\":\"https:\\\/\\\/secure.gravatar.com\\\/avatar\\\/1f1809877ea8af7f9f97d3c51a9e7b3c8274c8c24cbe33702167a88a0413bdd5?s=96&d=mm&r=g\",\"contentUrl\":\"https:\\\/\\\/secure.gravatar.com\\\/avatar\\\/1f1809877ea8af7f9f97d3c51a9e7b3c8274c8c24cbe33702167a88a0413bdd5?s=96&d=mm&r=g\",\"caption\":\"inmoking\"},\"sameAs\":[\"https:\\\/\\\/www.inmoking.com\\\/actualidad\"],\"url\":\"https:\\\/\\\/inmoking.com\\\/actualidad\\\/author\\\/inmoking\\\/\"}]}<\/script>\n<!-- \/ Yoast SEO plugin. -->","yoast_head_json":{"title":"Los pol\u00edgonos inician la recuperaci\u00f3n - Actualidad Inmoking","description":"Reci\u00e9n empezado 2015 los pol\u00edgonos industriales de la Comunitat Valenciana ya est\u00e1n notando el inicio de la recuperaci\u00f3n econ\u00f3mica","robots":{"index":"index","follow":"follow","max-snippet":"max-snippet:-1","max-image-preview":"max-image-preview:large","max-video-preview":"max-video-preview:-1"},"canonical":"https:\/\/inmoking.com\/actualidad\/los-poligonos-inician-la-recuperacion\/","og_locale":"es_ES","og_type":"article","og_title":"Los pol\u00edgonos inician la recuperaci\u00f3n - Actualidad Inmoking","og_description":"Reci\u00e9n empezado 2015 los pol\u00edgonos industriales de la Comunitat Valenciana ya est\u00e1n notando el inicio de la recuperaci\u00f3n econ\u00f3mica","og_url":"https:\/\/inmoking.com\/actualidad\/los-poligonos-inician-la-recuperacion\/","og_site_name":"Actualidad Inmoking","article_published_time":"2015-02-25T08:54:07+00:00","article_modified_time":"2021-09-22T13:48:54+00:00","og_image":[{"width":632,"height":438,"url":"https:\/\/inmoking.com\/actualidad\/wp-content\/uploads\/2015\/10\/poligonos.jpg","type":"image\/jpeg"}],"author":"inmoking","twitter_card":"summary_large_image","twitter_misc":{"Escrito por":"inmoking","Tiempo de lectura":"2 minutos"},"schema":{"@context":"https:\/\/schema.org","@graph":[{"@type":"Article","@id":"https:\/\/inmoking.com\/actualidad\/los-poligonos-inician-la-recuperacion\/#article","isPartOf":{"@id":"https:\/\/inmoking.com\/actualidad\/los-poligonos-inician-la-recuperacion\/"},"author":{"name":"inmoking","@id":"https:\/\/inmoking.com\/actualidad\/#\/schema\/person\/14cf29860202c36f88f0a45a5c201335"},"headline":"Los pol\u00edgonos inician la recuperaci\u00f3n","datePublished":"2015-02-25T08:54:07+00:00","dateModified":"2021-09-22T13:48:54+00:00","mainEntityOfPage":{"@id":"https:\/\/inmoking.com\/actualidad\/los-poligonos-inician-la-recuperacion\/"},"wordCount":338,"commentCount":0,"publisher":{"@id":"https:\/\/inmoking.com\/actualidad\/#organization"},"image":{"@id":"https:\/\/inmoking.com\/actualidad\/los-poligonos-inician-la-recuperacion\/#primaryimage"},"thumbnailUrl":"https:\/\/inmoking.com\/actualidad\/wp-content\/uploads\/2015\/10\/poligonos.jpg","keywords":["compra","suelo comercial","suelo industrial"],"articleSection":["Industria y Log\u00edstica"],"inLanguage":"es","potentialAction":[{"@type":"CommentAction","name":"Comment","target":["https:\/\/inmoking.com\/actualidad\/los-poligonos-inician-la-recuperacion\/#respond"]}]},{"@type":"WebPage","@id":"https:\/\/inmoking.com\/actualidad\/los-poligonos-inician-la-recuperacion\/","url":"https:\/\/inmoking.com\/actualidad\/los-poligonos-inician-la-recuperacion\/","name":"Los pol\u00edgonos inician la recuperaci\u00f3n - Actualidad Inmoking","isPartOf":{"@id":"https:\/\/inmoking.com\/actualidad\/#website"},"primaryImageOfPage":{"@id":"https:\/\/inmoking.com\/actualidad\/los-poligonos-inician-la-recuperacion\/#primaryimage"},"image":{"@id":"https:\/\/inmoking.com\/actualidad\/los-poligonos-inician-la-recuperacion\/#primaryimage"},"thumbnailUrl":"https:\/\/inmoking.com\/actualidad\/wp-content\/uploads\/2015\/10\/poligonos.jpg","datePublished":"2015-02-25T08:54:07+00:00","dateModified":"2021-09-22T13:48:54+00:00","description":"Reci\u00e9n empezado 2015 los pol\u00edgonos industriales de la Comunitat Valenciana ya est\u00e1n notando el inicio de la recuperaci\u00f3n econ\u00f3mica","inLanguage":"es","potentialAction":[{"@type":"ReadAction","target":["https:\/\/inmoking.com\/actualidad\/los-poligonos-inician-la-recuperacion\/"]}]},{"@type":"ImageObject","inLanguage":"es","@id":"https:\/\/inmoking.com\/actualidad\/los-poligonos-inician-la-recuperacion\/#primaryimage","url":"https:\/\/inmoking.com\/actualidad\/wp-content\/uploads\/2015\/10\/poligonos.jpg","contentUrl":"https:\/\/inmoking.com\/actualidad\/wp-content\/uploads\/2015\/10\/poligonos.jpg","width":632,"height":438},{"@type":"WebSite","@id":"https:\/\/inmoking.com\/actualidad\/#website","url":"https:\/\/inmoking.com\/actualidad\/","name":"Actualidad Inmoking","description":"Blog sector inmobiliario de Inmoking Real Estate","publisher":{"@id":"https:\/\/inmoking.com\/actualidad\/#organization"},"potentialAction":[{"@type":"SearchAction","target":{"@type":"EntryPoint","urlTemplate":"https:\/\/inmoking.com\/actualidad\/?s={search_term_string}"},"query-input":{"@type":"PropertyValueSpecification","valueRequired":true,"valueName":"search_term_string"}}],"inLanguage":"es"},{"@type":"Organization","@id":"https:\/\/inmoking.com\/actualidad\/#organization","name":"Actualidad Inmoking","url":"https:\/\/inmoking.com\/actualidad\/","logo":{"@type":"ImageObject","inLanguage":"es","@id":"https:\/\/inmoking.com\/actualidad\/#\/schema\/logo\/image\/","url":"https:\/\/inmoking.com\/actualidad\/wp-content\/uploads\/2021\/09\/logo-inmoking.png","contentUrl":"https:\/\/inmoking.com\/actualidad\/wp-content\/uploads\/2021\/09\/logo-inmoking.png","width":360,"height":58,"caption":"Actualidad Inmoking"},"image":{"@id":"https:\/\/inmoking.com\/actualidad\/#\/schema\/logo\/image\/"}},{"@type":"Person","@id":"https:\/\/inmoking.com\/actualidad\/#\/schema\/person\/14cf29860202c36f88f0a45a5c201335","name":"inmoking","image":{"@type":"ImageObject","inLanguage":"es","@id":"https:\/\/secure.gravatar.com\/avatar\/1f1809877ea8af7f9f97d3c51a9e7b3c8274c8c24cbe33702167a88a0413bdd5?s=96&d=mm&r=g","url":"https:\/\/secure.gravatar.com\/avatar\/1f1809877ea8af7f9f97d3c51a9e7b3c8274c8c24cbe33702167a88a0413bdd5?s=96&d=mm&r=g","contentUrl":"https:\/\/secure.gravatar.com\/avatar\/1f1809877ea8af7f9f97d3c51a9e7b3c8274c8c24cbe33702167a88a0413bdd5?s=96&d=mm&r=g","caption":"inmoking"},"sameAs":["https:\/\/www.inmoking.com\/actualidad"],"url":"https:\/\/inmoking.com\/actualidad\/author\/inmoking\/"}]}},"_links":{"self":[{"href":"https:\/\/inmoking.com\/actualidad\/wp-json\/wp\/v2\/posts\/6492","targetHints":{"allow":["GET"]}}],"collection":[{"href":"https:\/\/inmoking.com\/actualidad\/wp-json\/wp\/v2\/posts"}],"about":[{"href":"https:\/\/inmoking.com\/actualidad\/wp-json\/wp\/v2\/types\/post"}],"author":[{"embeddable":true,"href":"https:\/\/inmoking.com\/actualidad\/wp-json\/wp\/v2\/users\/1"}],"replies":[{"embeddable":true,"href":"https:\/\/inmoking.com\/actualidad\/wp-json\/wp\/v2\/comments?post=6492"}],"version-history":[{"count":1,"href":"https:\/\/inmoking.com\/actualidad\/wp-json\/wp\/v2\/posts\/6492\/revisions"}],"predecessor-version":[{"id":36280,"href":"https:\/\/inmoking.com\/actualidad\/wp-json\/wp\/v2\/posts\/6492\/revisions\/36280"}],"wp:featuredmedia":[{"embeddable":true,"href":"https:\/\/inmoking.com\/actualidad\/wp-json\/wp\/v2\/media\/6493"}],"wp:attachment":[{"href":"https:\/\/inmoking.com\/actualidad\/wp-json\/wp\/v2\/media?parent=6492"}],"wp:term":[{"taxonomy":"category","embeddable":true,"href":"https:\/\/inmoking.com\/actualidad\/wp-json\/wp\/v2\/categories?post=6492"},{"taxonomy":"post_tag","embeddable":true,"href":"https:\/\/inmoking.com\/actualidad\/wp-json\/wp\/v2\/tags?post=6492"}],"curies":[{"name":"wp","href":"https:\/\/api.w.org\/{rel}","templated":true}]}}