{"id":6447,"date":"2013-10-16T08:08:13","date_gmt":"2013-10-16T08:08:13","guid":{"rendered":"http:\/\/inmoking.com\/?p=6447"},"modified":"2021-09-22T14:41:36","modified_gmt":"2021-09-22T12:41:36","slug":"sagunto-tendra-tu-centro-comercial","status":"publish","type":"post","link":"https:\/\/inmoking.com\/actualidad\/sagunto-tendra-tu-centro-comercial\/","title":{"rendered":"Sagunto tendr\u00e1 su centro comercial"},"content":{"rendered":"\n<p><strong><em>La zona norte de Valencia, la \u00fanica zona hu\u00e9rfana de centros comerciales de la provincia, tendr\u00e1 su propio centro comercial ubicado en Sagunto.<\/em><\/strong><\/p>\n\n\n\n<p><strong>Valencia, 25 de octubre<\/strong>: El nuevo centro comercial se encuentra en la Avenida Fausto Caruana, la principal arteria que une Sagunto con el Puerto de Sagunto, en frente de Carrefour y junto a una zona comercial donde ya est\u00e1n en funcionamiento empresas como Mc Donald\u00b4s, Sprinter, Merkal o Ribs.<\/p>\n\n\n\n<p>La poblaci\u00f3n objetivo del centro es entorno a los 250.000 habitantes, a los que habr\u00e1 que sumar a los clientes estacionales de la \u00e9poca estival de la zona costera.<\/p>\n\n\n\n<p>La ubicaci\u00f3n y configuraci\u00f3n del centro va a permitir un f\u00e1cil acceso al mismo, adem\u00e1s de contar con una amplia dotaci\u00f3n de plazas de aparcamiento gratuito para la mayor comodidad para sus clientes.<\/p>\n\n\n\n<p>El centro seguir\u00e1 un dise\u00f1o moderno combinando espacios cerrados con espacios abiertos. La superficie construida del centro comercial ser\u00e1 de 40.000 m\u00b2, con una superficie bruta alquilable de 16.000 m\u00b2.<\/p>\n\n\n\n<p><strong>Gesti\u00f3n y Promoci\u00f3n<\/strong><br>En estos momentos, la obra de construcci\u00f3n del centro comercial ya ha superado el 50% de la fase de ejecuci\u00f3n, por lo cual los promotores del centro han decidido contratar en exclusiva a la consultora inmobiliaria INMOKING REAL ESTATE S.A. para la comercializaci\u00f3n del mismo.<\/p>\n\n\n\n<p>INMOKING REAL ESTATE S.A. est\u00e1 negociando en estos momentos la ubicaci\u00f3n en el centro con los operadores m\u00e1s relevantes del mercado de retail as\u00ed como con empresas o franquicias de inversores locales. El objetivo es conseguir el mejor mix comercial para abarcar la mayor oferta posible en el centro comercial, para lo que se han distribuidos las tres plantas del centro con una planta de servicios, una planta de moda y la planta primera que compartir\u00e1 moda y restauraci\u00f3n.<\/p>\n\n\n\n<p><strong>\u00c1rea de atracci\u00f3n<\/strong><br>Con la apertura del centro, prevista para noviembre de 2014, la ciudad de Sagunto ampliar\u00e1 su oferta comercial con un proyecto muy demandado por los habitantes de la zona que hasta ahora se han visto obligados de ir a Valencia o a Castell\u00f3n para encontrar un espacio comercial con una amplia oferta comercial que cubra sus necesidades. El \u00e1rea de atracci\u00f3n previsto para el centro comercial corresponde a:<\/p>\n\n\n\n<ol class=\"wp-block-list\"><li>El <strong>municipio de&nbsp;Sagunto<\/strong> como poblaci\u00f3n&nbsp;principal y los municipios de su entorno inmediato. Corresponde esta \u00e1rea a un mercado cautivo donde Saguncenter ser\u00e1 la primera opci\u00f3n de compra. Esos clientes potenciales asegurar\u00e1n el d\u00eda a d\u00eda del Centro.<\/li><li>Los municipios que componen el&nbsp;<strong>Eje Teruel<\/strong> y&nbsp;que acceden al Parque por la Autov\u00eda de Mud\u00e9jar y con acceso directo al proyecto. Tambi\u00e9n corresponden a un mercado cautivo donde Saguncenter ser\u00e1 su primera opci\u00f3n de compra.<\/li><li><strong>Eje Castell\u00f3n:<\/strong> encuadra los municipios&nbsp;muy pr\u00f3ximos a Sagunto influenciados por la oferta comercial existente de Castell\u00f3n y Villarreal. Ser\u00e1 un mercado compartido.<\/li><li><strong>Eje Valencia:<\/strong> encuadra los municipios&nbsp;muy pr\u00f3ximos a Sagunto, influenciados por la oferta comercial de Massamagrel y de Valencia Norte. Ser\u00e1 un mercado compartido.<\/li><\/ol>\n\n\n\n<p><a href=\"http:\/\/www.youtube.com\/watch?v=UCHZcWpRVe4&amp;feature=c4-overview&amp;list=UUSyrVxdExTvOOdaMXxE3j5w\">Video\u00a0<\/a><\/p>\n\n\n\n<p><a href=\"http:\/\/inmoking.com\/contacto\/\" target=\"_blank\" rel=\"noopener\">Contactar con Inmoking<\/a><\/p>\n","protected":false},"excerpt":{"rendered":"<p>La zona norte de Valencia, la \u00fanica zona hu\u00e9rfana de centros comerciales de la provincia, tendr\u00e1 su propio centro comercial ubicado en Sagunto. Valencia, 25 de octubre: El nuevo centro comercial se encuentra en la Avenida Fausto Caruana, la principal arteria que une Sagunto con el Puerto de Sagunto, en frente de Carrefour y junto&hellip; <a class=\"more-link\" href=\"https:\/\/inmoking.com\/actualidad\/sagunto-tendra-tu-centro-comercial\/\">Seguir leyendo <span class=\"screen-reader-text\">Sagunto tendr\u00e1 su centro comercial<\/span><\/a><\/p>\n","protected":false},"author":1,"featured_media":6448,"comment_status":"open","ping_status":"closed","sticky":false,"template":"","format":"standard","meta":{"footnotes":""},"categories":[6],"tags":[17,2,5],"class_list":["post-6447","post","type-post","status-publish","format-standard","has-post-thumbnail","hentry","category-noticias-inmoking","tag-centro-comercial","tag-compra","tag-suelo-comercial","entry"],"yoast_head":"<!-- This site is optimized with the Yoast SEO plugin v27.4 - https:\/\/yoast.com\/product\/yoast-seo-wordpress\/ -->\n<title>Sagunto tendr\u00e1 su centro comercial - Actualidad Inmoking<\/title>\n<meta name=\"description\" content=\"La zona norte de Valencia, la \u00fanica zona hu\u00e9rfana de centros comerciales de la provincia, tendr\u00e1 su propio centro comercial ubicado en Sagunto\" \/>\n<meta name=\"robots\" content=\"index, follow, max-snippet:-1, max-image-preview:large, max-video-preview:-1\" \/>\n<link rel=\"canonical\" href=\"https:\/\/inmoking.com\/actualidad\/sagunto-tendra-tu-centro-comercial\/\" \/>\n<meta property=\"og:locale\" content=\"es_ES\" \/>\n<meta property=\"og:type\" content=\"article\" \/>\n<meta property=\"og:title\" content=\"Sagunto tendr\u00e1 su centro comercial - Actualidad Inmoking\" \/>\n<meta property=\"og:description\" content=\"La zona norte de Valencia, la \u00fanica zona hu\u00e9rfana de centros comerciales de la provincia, tendr\u00e1 su propio centro comercial ubicado en Sagunto\" \/>\n<meta property=\"og:url\" content=\"https:\/\/inmoking.com\/actualidad\/sagunto-tendra-tu-centro-comercial\/\" \/>\n<meta property=\"og:site_name\" content=\"Actualidad Inmoking\" \/>\n<meta property=\"article:published_time\" content=\"2013-10-16T08:08:13+00:00\" \/>\n<meta property=\"article:modified_time\" content=\"2021-09-22T12:41:36+00:00\" \/>\n<meta property=\"og:image\" content=\"https:\/\/inmoking.com\/actualidad\/wp-content\/uploads\/2015\/10\/cc-sagunto.jpg\" \/>\n\t<meta property=\"og:image:width\" content=\"764\" \/>\n\t<meta property=\"og:image:height\" content=\"392\" \/>\n\t<meta property=\"og:image:type\" content=\"image\/jpeg\" \/>\n<meta name=\"author\" content=\"inmoking\" \/>\n<meta name=\"twitter:card\" content=\"summary_large_image\" \/>\n<meta name=\"twitter:label1\" content=\"Escrito por\" \/>\n\t<meta name=\"twitter:data1\" content=\"inmoking\" \/>\n\t<meta name=\"twitter:label2\" content=\"Tiempo de lectura\" \/>\n\t<meta name=\"twitter:data2\" content=\"3 minutos\" \/>\n<script type=\"application\/ld+json\" class=\"yoast-schema-graph\">{\"@context\":\"https:\\\/\\\/schema.org\",\"@graph\":[{\"@type\":\"Article\",\"@id\":\"https:\\\/\\\/inmoking.com\\\/actualidad\\\/sagunto-tendra-tu-centro-comercial\\\/#article\",\"isPartOf\":{\"@id\":\"https:\\\/\\\/inmoking.com\\\/actualidad\\\/sagunto-tendra-tu-centro-comercial\\\/\"},\"author\":{\"name\":\"inmoking\",\"@id\":\"https:\\\/\\\/inmoking.com\\\/actualidad\\\/#\\\/schema\\\/person\\\/14cf29860202c36f88f0a45a5c201335\"},\"headline\":\"Sagunto tendr\u00e1 su centro comercial\",\"datePublished\":\"2013-10-16T08:08:13+00:00\",\"dateModified\":\"2021-09-22T12:41:36+00:00\",\"mainEntityOfPage\":{\"@id\":\"https:\\\/\\\/inmoking.com\\\/actualidad\\\/sagunto-tendra-tu-centro-comercial\\\/\"},\"wordCount\":530,\"commentCount\":0,\"publisher\":{\"@id\":\"https:\\\/\\\/inmoking.com\\\/actualidad\\\/#organization\"},\"image\":{\"@id\":\"https:\\\/\\\/inmoking.com\\\/actualidad\\\/sagunto-tendra-tu-centro-comercial\\\/#primaryimage\"},\"thumbnailUrl\":\"https:\\\/\\\/inmoking.com\\\/actualidad\\\/wp-content\\\/uploads\\\/2015\\\/10\\\/cc-sagunto.jpg\",\"keywords\":[\"centro comercial\",\"compra\",\"suelo comercial\"],\"articleSection\":[\"Noticias\"],\"inLanguage\":\"es\",\"potentialAction\":[{\"@type\":\"CommentAction\",\"name\":\"Comment\",\"target\":[\"https:\\\/\\\/inmoking.com\\\/actualidad\\\/sagunto-tendra-tu-centro-comercial\\\/#respond\"]}]},{\"@type\":\"WebPage\",\"@id\":\"https:\\\/\\\/inmoking.com\\\/actualidad\\\/sagunto-tendra-tu-centro-comercial\\\/\",\"url\":\"https:\\\/\\\/inmoking.com\\\/actualidad\\\/sagunto-tendra-tu-centro-comercial\\\/\",\"name\":\"Sagunto tendr\u00e1 su centro comercial - Actualidad Inmoking\",\"isPartOf\":{\"@id\":\"https:\\\/\\\/inmoking.com\\\/actualidad\\\/#website\"},\"primaryImageOfPage\":{\"@id\":\"https:\\\/\\\/inmoking.com\\\/actualidad\\\/sagunto-tendra-tu-centro-comercial\\\/#primaryimage\"},\"image\":{\"@id\":\"https:\\\/\\\/inmoking.com\\\/actualidad\\\/sagunto-tendra-tu-centro-comercial\\\/#primaryimage\"},\"thumbnailUrl\":\"https:\\\/\\\/inmoking.com\\\/actualidad\\\/wp-content\\\/uploads\\\/2015\\\/10\\\/cc-sagunto.jpg\",\"datePublished\":\"2013-10-16T08:08:13+00:00\",\"dateModified\":\"2021-09-22T12:41:36+00:00\",\"description\":\"La zona norte de Valencia, la \u00fanica zona hu\u00e9rfana de centros comerciales de la provincia, tendr\u00e1 su propio centro comercial ubicado en Sagunto\",\"inLanguage\":\"es\",\"potentialAction\":[{\"@type\":\"ReadAction\",\"target\":[\"https:\\\/\\\/inmoking.com\\\/actualidad\\\/sagunto-tendra-tu-centro-comercial\\\/\"]}]},{\"@type\":\"ImageObject\",\"inLanguage\":\"es\",\"@id\":\"https:\\\/\\\/inmoking.com\\\/actualidad\\\/sagunto-tendra-tu-centro-comercial\\\/#primaryimage\",\"url\":\"https:\\\/\\\/inmoking.com\\\/actualidad\\\/wp-content\\\/uploads\\\/2015\\\/10\\\/cc-sagunto.jpg\",\"contentUrl\":\"https:\\\/\\\/inmoking.com\\\/actualidad\\\/wp-content\\\/uploads\\\/2015\\\/10\\\/cc-sagunto.jpg\",\"width\":764,\"height\":392,\"caption\":\"cc sagunto\"},{\"@type\":\"WebSite\",\"@id\":\"https:\\\/\\\/inmoking.com\\\/actualidad\\\/#website\",\"url\":\"https:\\\/\\\/inmoking.com\\\/actualidad\\\/\",\"name\":\"Actualidad Inmoking\",\"description\":\"Blog sector inmobiliario de Inmoking Real Estate\",\"publisher\":{\"@id\":\"https:\\\/\\\/inmoking.com\\\/actualidad\\\/#organization\"},\"potentialAction\":[{\"@type\":\"SearchAction\",\"target\":{\"@type\":\"EntryPoint\",\"urlTemplate\":\"https:\\\/\\\/inmoking.com\\\/actualidad\\\/?s={search_term_string}\"},\"query-input\":{\"@type\":\"PropertyValueSpecification\",\"valueRequired\":true,\"valueName\":\"search_term_string\"}}],\"inLanguage\":\"es\"},{\"@type\":\"Organization\",\"@id\":\"https:\\\/\\\/inmoking.com\\\/actualidad\\\/#organization\",\"name\":\"Actualidad Inmoking\",\"url\":\"https:\\\/\\\/inmoking.com\\\/actualidad\\\/\",\"logo\":{\"@type\":\"ImageObject\",\"inLanguage\":\"es\",\"@id\":\"https:\\\/\\\/inmoking.com\\\/actualidad\\\/#\\\/schema\\\/logo\\\/image\\\/\",\"url\":\"https:\\\/\\\/inmoking.com\\\/actualidad\\\/wp-content\\\/uploads\\\/2021\\\/09\\\/logo-inmoking.png\",\"contentUrl\":\"https:\\\/\\\/inmoking.com\\\/actualidad\\\/wp-content\\\/uploads\\\/2021\\\/09\\\/logo-inmoking.png\",\"width\":360,\"height\":58,\"caption\":\"Actualidad Inmoking\"},\"image\":{\"@id\":\"https:\\\/\\\/inmoking.com\\\/actualidad\\\/#\\\/schema\\\/logo\\\/image\\\/\"}},{\"@type\":\"Person\",\"@id\":\"https:\\\/\\\/inmoking.com\\\/actualidad\\\/#\\\/schema\\\/person\\\/14cf29860202c36f88f0a45a5c201335\",\"name\":\"inmoking\",\"image\":{\"@type\":\"ImageObject\",\"inLanguage\":\"es\",\"@id\":\"https:\\\/\\\/secure.gravatar.com\\\/avatar\\\/1f1809877ea8af7f9f97d3c51a9e7b3c8274c8c24cbe33702167a88a0413bdd5?s=96&d=mm&r=g\",\"url\":\"https:\\\/\\\/secure.gravatar.com\\\/avatar\\\/1f1809877ea8af7f9f97d3c51a9e7b3c8274c8c24cbe33702167a88a0413bdd5?s=96&d=mm&r=g\",\"contentUrl\":\"https:\\\/\\\/secure.gravatar.com\\\/avatar\\\/1f1809877ea8af7f9f97d3c51a9e7b3c8274c8c24cbe33702167a88a0413bdd5?s=96&d=mm&r=g\",\"caption\":\"inmoking\"},\"sameAs\":[\"https:\\\/\\\/www.inmoking.com\\\/actualidad\"],\"url\":\"https:\\\/\\\/inmoking.com\\\/actualidad\\\/author\\\/inmoking\\\/\"}]}<\/script>\n<!-- \/ Yoast SEO plugin. -->","yoast_head_json":{"title":"Sagunto tendr\u00e1 su centro comercial - Actualidad Inmoking","description":"La zona norte de Valencia, la \u00fanica zona hu\u00e9rfana de centros comerciales de la provincia, tendr\u00e1 su propio centro comercial ubicado en Sagunto","robots":{"index":"index","follow":"follow","max-snippet":"max-snippet:-1","max-image-preview":"max-image-preview:large","max-video-preview":"max-video-preview:-1"},"canonical":"https:\/\/inmoking.com\/actualidad\/sagunto-tendra-tu-centro-comercial\/","og_locale":"es_ES","og_type":"article","og_title":"Sagunto tendr\u00e1 su centro comercial - Actualidad Inmoking","og_description":"La zona norte de Valencia, la \u00fanica zona hu\u00e9rfana de centros comerciales de la provincia, tendr\u00e1 su propio centro comercial ubicado en Sagunto","og_url":"https:\/\/inmoking.com\/actualidad\/sagunto-tendra-tu-centro-comercial\/","og_site_name":"Actualidad Inmoking","article_published_time":"2013-10-16T08:08:13+00:00","article_modified_time":"2021-09-22T12:41:36+00:00","og_image":[{"width":764,"height":392,"url":"https:\/\/inmoking.com\/actualidad\/wp-content\/uploads\/2015\/10\/cc-sagunto.jpg","type":"image\/jpeg"}],"author":"inmoking","twitter_card":"summary_large_image","twitter_misc":{"Escrito por":"inmoking","Tiempo de lectura":"3 minutos"},"schema":{"@context":"https:\/\/schema.org","@graph":[{"@type":"Article","@id":"https:\/\/inmoking.com\/actualidad\/sagunto-tendra-tu-centro-comercial\/#article","isPartOf":{"@id":"https:\/\/inmoking.com\/actualidad\/sagunto-tendra-tu-centro-comercial\/"},"author":{"name":"inmoking","@id":"https:\/\/inmoking.com\/actualidad\/#\/schema\/person\/14cf29860202c36f88f0a45a5c201335"},"headline":"Sagunto tendr\u00e1 su centro comercial","datePublished":"2013-10-16T08:08:13+00:00","dateModified":"2021-09-22T12:41:36+00:00","mainEntityOfPage":{"@id":"https:\/\/inmoking.com\/actualidad\/sagunto-tendra-tu-centro-comercial\/"},"wordCount":530,"commentCount":0,"publisher":{"@id":"https:\/\/inmoking.com\/actualidad\/#organization"},"image":{"@id":"https:\/\/inmoking.com\/actualidad\/sagunto-tendra-tu-centro-comercial\/#primaryimage"},"thumbnailUrl":"https:\/\/inmoking.com\/actualidad\/wp-content\/uploads\/2015\/10\/cc-sagunto.jpg","keywords":["centro comercial","compra","suelo comercial"],"articleSection":["Noticias"],"inLanguage":"es","potentialAction":[{"@type":"CommentAction","name":"Comment","target":["https:\/\/inmoking.com\/actualidad\/sagunto-tendra-tu-centro-comercial\/#respond"]}]},{"@type":"WebPage","@id":"https:\/\/inmoking.com\/actualidad\/sagunto-tendra-tu-centro-comercial\/","url":"https:\/\/inmoking.com\/actualidad\/sagunto-tendra-tu-centro-comercial\/","name":"Sagunto tendr\u00e1 su centro comercial - Actualidad Inmoking","isPartOf":{"@id":"https:\/\/inmoking.com\/actualidad\/#website"},"primaryImageOfPage":{"@id":"https:\/\/inmoking.com\/actualidad\/sagunto-tendra-tu-centro-comercial\/#primaryimage"},"image":{"@id":"https:\/\/inmoking.com\/actualidad\/sagunto-tendra-tu-centro-comercial\/#primaryimage"},"thumbnailUrl":"https:\/\/inmoking.com\/actualidad\/wp-content\/uploads\/2015\/10\/cc-sagunto.jpg","datePublished":"2013-10-16T08:08:13+00:00","dateModified":"2021-09-22T12:41:36+00:00","description":"La zona norte de Valencia, la \u00fanica zona hu\u00e9rfana de centros comerciales de la provincia, tendr\u00e1 su propio centro comercial ubicado en Sagunto","inLanguage":"es","potentialAction":[{"@type":"ReadAction","target":["https:\/\/inmoking.com\/actualidad\/sagunto-tendra-tu-centro-comercial\/"]}]},{"@type":"ImageObject","inLanguage":"es","@id":"https:\/\/inmoking.com\/actualidad\/sagunto-tendra-tu-centro-comercial\/#primaryimage","url":"https:\/\/inmoking.com\/actualidad\/wp-content\/uploads\/2015\/10\/cc-sagunto.jpg","contentUrl":"https:\/\/inmoking.com\/actualidad\/wp-content\/uploads\/2015\/10\/cc-sagunto.jpg","width":764,"height":392,"caption":"cc sagunto"},{"@type":"WebSite","@id":"https:\/\/inmoking.com\/actualidad\/#website","url":"https:\/\/inmoking.com\/actualidad\/","name":"Actualidad Inmoking","description":"Blog sector inmobiliario de Inmoking Real Estate","publisher":{"@id":"https:\/\/inmoking.com\/actualidad\/#organization"},"potentialAction":[{"@type":"SearchAction","target":{"@type":"EntryPoint","urlTemplate":"https:\/\/inmoking.com\/actualidad\/?s={search_term_string}"},"query-input":{"@type":"PropertyValueSpecification","valueRequired":true,"valueName":"search_term_string"}}],"inLanguage":"es"},{"@type":"Organization","@id":"https:\/\/inmoking.com\/actualidad\/#organization","name":"Actualidad Inmoking","url":"https:\/\/inmoking.com\/actualidad\/","logo":{"@type":"ImageObject","inLanguage":"es","@id":"https:\/\/inmoking.com\/actualidad\/#\/schema\/logo\/image\/","url":"https:\/\/inmoking.com\/actualidad\/wp-content\/uploads\/2021\/09\/logo-inmoking.png","contentUrl":"https:\/\/inmoking.com\/actualidad\/wp-content\/uploads\/2021\/09\/logo-inmoking.png","width":360,"height":58,"caption":"Actualidad Inmoking"},"image":{"@id":"https:\/\/inmoking.com\/actualidad\/#\/schema\/logo\/image\/"}},{"@type":"Person","@id":"https:\/\/inmoking.com\/actualidad\/#\/schema\/person\/14cf29860202c36f88f0a45a5c201335","name":"inmoking","image":{"@type":"ImageObject","inLanguage":"es","@id":"https:\/\/secure.gravatar.com\/avatar\/1f1809877ea8af7f9f97d3c51a9e7b3c8274c8c24cbe33702167a88a0413bdd5?s=96&d=mm&r=g","url":"https:\/\/secure.gravatar.com\/avatar\/1f1809877ea8af7f9f97d3c51a9e7b3c8274c8c24cbe33702167a88a0413bdd5?s=96&d=mm&r=g","contentUrl":"https:\/\/secure.gravatar.com\/avatar\/1f1809877ea8af7f9f97d3c51a9e7b3c8274c8c24cbe33702167a88a0413bdd5?s=96&d=mm&r=g","caption":"inmoking"},"sameAs":["https:\/\/www.inmoking.com\/actualidad"],"url":"https:\/\/inmoking.com\/actualidad\/author\/inmoking\/"}]}},"_links":{"self":[{"href":"https:\/\/inmoking.com\/actualidad\/wp-json\/wp\/v2\/posts\/6447","targetHints":{"allow":["GET"]}}],"collection":[{"href":"https:\/\/inmoking.com\/actualidad\/wp-json\/wp\/v2\/posts"}],"about":[{"href":"https:\/\/inmoking.com\/actualidad\/wp-json\/wp\/v2\/types\/post"}],"author":[{"embeddable":true,"href":"https:\/\/inmoking.com\/actualidad\/wp-json\/wp\/v2\/users\/1"}],"replies":[{"embeddable":true,"href":"https:\/\/inmoking.com\/actualidad\/wp-json\/wp\/v2\/comments?post=6447"}],"version-history":[{"count":1,"href":"https:\/\/inmoking.com\/actualidad\/wp-json\/wp\/v2\/posts\/6447\/revisions"}],"predecessor-version":[{"id":36242,"href":"https:\/\/inmoking.com\/actualidad\/wp-json\/wp\/v2\/posts\/6447\/revisions\/36242"}],"wp:featuredmedia":[{"embeddable":true,"href":"https:\/\/inmoking.com\/actualidad\/wp-json\/wp\/v2\/media\/6448"}],"wp:attachment":[{"href":"https:\/\/inmoking.com\/actualidad\/wp-json\/wp\/v2\/media?parent=6447"}],"wp:term":[{"taxonomy":"category","embeddable":true,"href":"https:\/\/inmoking.com\/actualidad\/wp-json\/wp\/v2\/categories?post=6447"},{"taxonomy":"post_tag","embeddable":true,"href":"https:\/\/inmoking.com\/actualidad\/wp-json\/wp\/v2\/tags?post=6447"}],"curies":[{"name":"wp","href":"https:\/\/api.w.org\/{rel}","templated":true}]}}