{"id":37078,"date":"2024-10-22T14:57:32","date_gmt":"2024-10-22T12:57:32","guid":{"rendered":"https:\/\/inmoking.com\/actualidad\/?p=37078"},"modified":"2024-10-22T14:57:33","modified_gmt":"2024-10-22T12:57:33","slug":"entregamos-a-consum-cooperativa-su-nueva-tienda","status":"publish","type":"post","link":"https:\/\/inmoking.com\/actualidad\/entregamos-a-consum-cooperativa-su-nueva-tienda\/","title":{"rendered":"Entregamos a Consum Cooperativa su nueva tienda"},"content":{"rendered":"\n<p>Tavernes de la Valldigna, en la provincia de Valencia, ha sido la ubicaci\u00f3n elegida por <a href=\"https:\/\/www.consum.es\/\">Consum <\/a>para la apertura de su nueva tienda. En una parcela de m\u00e1s de 6.000\u00b2 dentro del proyecto de <strong>La Vall Parc<\/strong>, emplazado en el espacio que ocuparon las hist\u00f3ricas naves de Federico Giner y promovido por <a href=\"https:\/\/inmoking.com\/\">INMOKING<\/a>, la cooperativa de supermercados ha abierto un espacio con m\u00e1s de 2.400\u00b2 construidos. Adem\u00e1s, cuenta con 104 plazas de aparcamiento, puntos de recarga para veh\u00edculos el\u00e9ctricos y un sistema de autoconsumo energ\u00e9tico mediante paneles solares que han instalado nuestros compa\u00f1eros de <a href=\"https:\/\/solarexpressenergia.com\/\">Solar Express<\/a>. <\/p>\n\n\n\n<p>Las obras han sido ejecutadas por <a href=\"https:\/\/inmoking.com\/iks\/\">IKS<\/a>, la constructora de grupo <a href=\"https:\/\/www.linkedin.com\/company\/jj-matriz-capital\/\">JJ Matriz Capital<\/a>, supervisando todos los detalles para que el local ya est\u00e9 en funcionamiento y al servicio de los vecinos de la zona. <br><\/p>\n\n\n\n<figure class=\"wp-block-embed is-type-video is-provider-youtube wp-block-embed-youtube wp-embed-aspect-16-9 wp-has-aspect-ratio\"><div class=\"wp-block-embed__wrapper\">\n<iframe loading=\"lazy\" title=\"Obra Finalizada: Consum en Tavernes de la Valldigna por IKS - Innovaci\u00f3n y Sostenibilidad #IKS\" width=\"688\" height=\"387\" src=\"https:\/\/www.youtube.com\/embed\/o960YtXpRms?feature=oembed\" frameborder=\"0\" allow=\"accelerometer; autoplay; clipboard-write; encrypted-media; gyroscope; picture-in-picture; web-share\" referrerpolicy=\"strict-origin-when-cross-origin\" allowfullscreen><\/iframe>\n<\/div><\/figure>\n\n\n\n<h2 class=\"wp-block-heading\">Gesti\u00f3n integral <\/h2>\n\n\n\n<p>La gesti\u00f3n y desarrollo del proyecto de <strong>La Vall Parc <\/strong>han sido llevados de manera integral por empresas especializadas que forman parte de la estructura del holding empresarial multiactividad <a href=\"https:\/\/jjmatrizcapital.com\/\">JJ Matriz Capital<\/a>, con capacidad de ofrecer<br>una soluci\u00f3n 360\u00ba para el desarrollo de proyectos inmobiliarios. Desde <a href=\"https:\/\/inmoking.com\/\">INMOKING<\/a> se ha trabajado en la identificaci\u00f3n de la oportunidad, creaci\u00f3n del concepto, configuraci\u00f3n y comercializaci\u00f3n del activo, mientras que la ingenier\u00eda y ejecuci\u00f3n de la obra ha sido dirigidas y realizadas por <a href=\"https:\/\/inmoking.com\/iks\/\">IKS<\/a>. Adem\u00e1s, la empresa <a href=\"https:\/\/solarexpressenergia.com\/\">Solar Express<\/a> ha sido responsable de la instalaci\u00f3n de las soluciones fotovoltaicas, aline\u00e1ndose con las nuevas tendencias hacia el uso de energ\u00edas renovables y la reducci\u00f3n de la huella de carbono.<\/p>\n\n\n\n<p><\/p>\n","protected":false},"excerpt":{"rendered":"<p>En una parcela de m\u00e1s de 6.000\u00b2 dentro del proyecto de La Vall Parc, emplazado en el espacio que ocuparon las hist\u00f3ricas naves de Federico Giner y promovido por INMOKING, la cooperativa de supermercados ha abierto un espacio con m\u00e1s de 2.400\u00b2 construidos. <\/p>\n","protected":false},"author":9,"featured_media":37081,"comment_status":"closed","ping_status":"closed","sticky":false,"template":"","format":"standard","meta":{"footnotes":""},"categories":[16,12,173,6,4,171],"tags":[15,10,41,5],"class_list":["post-37078","post","type-post","status-publish","format-standard","has-post-thumbnail","hentry","category-comercial","category-industria-y-logistica","category-ingenieria-y-construccion","category-noticias-inmoking","category-novedades-inmoking","category-retail","tag-asesoramiento","tag-inmoking","tag-retail","tag-suelo-comercial","entry"],"yoast_head":"<!-- This site is optimized with the Yoast SEO plugin v27.4 - https:\/\/yoast.com\/product\/yoast-seo-wordpress\/ -->\n<title>Entregamos a Consum Cooperativa su nueva tienda - Actualidad Inmoking<\/title>\n<meta name=\"description\" content=\"Dentro del proyecto de La Vall Parc y promovido por INMOKING, Consum ha abierto su nueva tienda en Tavernes de la Valldigna.\" \/>\n<meta name=\"robots\" content=\"index, follow, max-snippet:-1, max-image-preview:large, max-video-preview:-1\" \/>\n<link rel=\"canonical\" href=\"https:\/\/inmoking.com\/actualidad\/entregamos-a-consum-cooperativa-su-nueva-tienda\/\" \/>\n<meta property=\"og:locale\" content=\"es_ES\" \/>\n<meta property=\"og:type\" content=\"article\" \/>\n<meta property=\"og:title\" content=\"Entregamos a Consum Cooperativa su nueva tienda - Actualidad Inmoking\" \/>\n<meta property=\"og:description\" content=\"Dentro del proyecto de La Vall Parc y promovido por INMOKING, Consum ha abierto su nueva tienda en Tavernes de la Valldigna.\" \/>\n<meta property=\"og:url\" content=\"https:\/\/inmoking.com\/actualidad\/entregamos-a-consum-cooperativa-su-nueva-tienda\/\" \/>\n<meta property=\"og:site_name\" content=\"Actualidad Inmoking\" \/>\n<meta property=\"article:published_time\" content=\"2024-10-22T12:57:32+00:00\" \/>\n<meta property=\"article:modified_time\" content=\"2024-10-22T12:57:33+00:00\" \/>\n<meta property=\"og:image\" content=\"https:\/\/inmoking.com\/actualidad\/wp-content\/uploads\/2024\/10\/La-vall-foto-prensa.jpg\" \/>\n\t<meta property=\"og:image:width\" content=\"1280\" \/>\n\t<meta property=\"og:image:height\" content=\"720\" \/>\n\t<meta property=\"og:image:type\" content=\"image\/jpeg\" \/>\n<meta name=\"author\" content=\"Paula Brisas\" \/>\n<meta name=\"twitter:card\" content=\"summary_large_image\" \/>\n<meta name=\"twitter:label1\" content=\"Escrito por\" \/>\n\t<meta name=\"twitter:data1\" content=\"Paula Brisas\" \/>\n\t<meta name=\"twitter:label2\" content=\"Tiempo de lectura\" \/>\n\t<meta name=\"twitter:data2\" content=\"2 minutos\" \/>\n<script type=\"application\/ld+json\" class=\"yoast-schema-graph\">{\"@context\":\"https:\\\/\\\/schema.org\",\"@graph\":[{\"@type\":\"Article\",\"@id\":\"https:\\\/\\\/inmoking.com\\\/actualidad\\\/entregamos-a-consum-cooperativa-su-nueva-tienda\\\/#article\",\"isPartOf\":{\"@id\":\"https:\\\/\\\/inmoking.com\\\/actualidad\\\/entregamos-a-consum-cooperativa-su-nueva-tienda\\\/\"},\"author\":{\"name\":\"Paula Brisas\",\"@id\":\"https:\\\/\\\/inmoking.com\\\/actualidad\\\/#\\\/schema\\\/person\\\/e965f2f2537b239dca34870eda52101b\"},\"headline\":\"Entregamos a Consum Cooperativa su nueva tienda\",\"datePublished\":\"2024-10-22T12:57:32+00:00\",\"dateModified\":\"2024-10-22T12:57:33+00:00\",\"mainEntityOfPage\":{\"@id\":\"https:\\\/\\\/inmoking.com\\\/actualidad\\\/entregamos-a-consum-cooperativa-su-nueva-tienda\\\/\"},\"wordCount\":277,\"publisher\":{\"@id\":\"https:\\\/\\\/inmoking.com\\\/actualidad\\\/#organization\"},\"image\":{\"@id\":\"https:\\\/\\\/inmoking.com\\\/actualidad\\\/entregamos-a-consum-cooperativa-su-nueva-tienda\\\/#primaryimage\"},\"thumbnailUrl\":\"https:\\\/\\\/inmoking.com\\\/actualidad\\\/wp-content\\\/uploads\\\/2024\\\/10\\\/La-vall-foto-prensa.jpg\",\"keywords\":[\"asesoramiento\",\"Inmoking\",\"retail\",\"suelo comercial\"],\"articleSection\":[\"Comercial\",\"Industria y Log\u00edstica\",\"Ingenier\u00eda y Construcci\u00f3n\",\"Noticias\",\"Novedades\",\"Retail\"],\"inLanguage\":\"es\"},{\"@type\":\"WebPage\",\"@id\":\"https:\\\/\\\/inmoking.com\\\/actualidad\\\/entregamos-a-consum-cooperativa-su-nueva-tienda\\\/\",\"url\":\"https:\\\/\\\/inmoking.com\\\/actualidad\\\/entregamos-a-consum-cooperativa-su-nueva-tienda\\\/\",\"name\":\"Entregamos a Consum Cooperativa su nueva tienda - Actualidad Inmoking\",\"isPartOf\":{\"@id\":\"https:\\\/\\\/inmoking.com\\\/actualidad\\\/#website\"},\"primaryImageOfPage\":{\"@id\":\"https:\\\/\\\/inmoking.com\\\/actualidad\\\/entregamos-a-consum-cooperativa-su-nueva-tienda\\\/#primaryimage\"},\"image\":{\"@id\":\"https:\\\/\\\/inmoking.com\\\/actualidad\\\/entregamos-a-consum-cooperativa-su-nueva-tienda\\\/#primaryimage\"},\"thumbnailUrl\":\"https:\\\/\\\/inmoking.com\\\/actualidad\\\/wp-content\\\/uploads\\\/2024\\\/10\\\/La-vall-foto-prensa.jpg\",\"datePublished\":\"2024-10-22T12:57:32+00:00\",\"dateModified\":\"2024-10-22T12:57:33+00:00\",\"description\":\"Dentro del proyecto de La Vall Parc y promovido por INMOKING, Consum ha abierto su nueva tienda en Tavernes de la Valldigna.\",\"inLanguage\":\"es\",\"potentialAction\":[{\"@type\":\"ReadAction\",\"target\":[\"https:\\\/\\\/inmoking.com\\\/actualidad\\\/entregamos-a-consum-cooperativa-su-nueva-tienda\\\/\"]}]},{\"@type\":\"ImageObject\",\"inLanguage\":\"es\",\"@id\":\"https:\\\/\\\/inmoking.com\\\/actualidad\\\/entregamos-a-consum-cooperativa-su-nueva-tienda\\\/#primaryimage\",\"url\":\"https:\\\/\\\/inmoking.com\\\/actualidad\\\/wp-content\\\/uploads\\\/2024\\\/10\\\/La-vall-foto-prensa.jpg\",\"contentUrl\":\"https:\\\/\\\/inmoking.com\\\/actualidad\\\/wp-content\\\/uploads\\\/2024\\\/10\\\/La-vall-foto-prensa.jpg\",\"width\":1280,\"height\":720},{\"@type\":\"WebSite\",\"@id\":\"https:\\\/\\\/inmoking.com\\\/actualidad\\\/#website\",\"url\":\"https:\\\/\\\/inmoking.com\\\/actualidad\\\/\",\"name\":\"Actualidad Inmoking\",\"description\":\"Blog sector inmobiliario de Inmoking Real Estate\",\"publisher\":{\"@id\":\"https:\\\/\\\/inmoking.com\\\/actualidad\\\/#organization\"},\"potentialAction\":[{\"@type\":\"SearchAction\",\"target\":{\"@type\":\"EntryPoint\",\"urlTemplate\":\"https:\\\/\\\/inmoking.com\\\/actualidad\\\/?s={search_term_string}\"},\"query-input\":{\"@type\":\"PropertyValueSpecification\",\"valueRequired\":true,\"valueName\":\"search_term_string\"}}],\"inLanguage\":\"es\"},{\"@type\":\"Organization\",\"@id\":\"https:\\\/\\\/inmoking.com\\\/actualidad\\\/#organization\",\"name\":\"Actualidad Inmoking\",\"url\":\"https:\\\/\\\/inmoking.com\\\/actualidad\\\/\",\"logo\":{\"@type\":\"ImageObject\",\"inLanguage\":\"es\",\"@id\":\"https:\\\/\\\/inmoking.com\\\/actualidad\\\/#\\\/schema\\\/logo\\\/image\\\/\",\"url\":\"https:\\\/\\\/inmoking.com\\\/actualidad\\\/wp-content\\\/uploads\\\/2021\\\/09\\\/logo-inmoking.png\",\"contentUrl\":\"https:\\\/\\\/inmoking.com\\\/actualidad\\\/wp-content\\\/uploads\\\/2021\\\/09\\\/logo-inmoking.png\",\"width\":360,\"height\":58,\"caption\":\"Actualidad Inmoking\"},\"image\":{\"@id\":\"https:\\\/\\\/inmoking.com\\\/actualidad\\\/#\\\/schema\\\/logo\\\/image\\\/\"}},{\"@type\":\"Person\",\"@id\":\"https:\\\/\\\/inmoking.com\\\/actualidad\\\/#\\\/schema\\\/person\\\/e965f2f2537b239dca34870eda52101b\",\"name\":\"Paula Brisas\",\"image\":{\"@type\":\"ImageObject\",\"inLanguage\":\"es\",\"@id\":\"https:\\\/\\\/secure.gravatar.com\\\/avatar\\\/9edda98102de3a550eeda85e5ba04d8942765511d0c985628b1d7f22ccfcba13?s=96&d=mm&r=g\",\"url\":\"https:\\\/\\\/secure.gravatar.com\\\/avatar\\\/9edda98102de3a550eeda85e5ba04d8942765511d0c985628b1d7f22ccfcba13?s=96&d=mm&r=g\",\"contentUrl\":\"https:\\\/\\\/secure.gravatar.com\\\/avatar\\\/9edda98102de3a550eeda85e5ba04d8942765511d0c985628b1d7f22ccfcba13?s=96&d=mm&r=g\",\"caption\":\"Paula Brisas\"},\"url\":\"https:\\\/\\\/inmoking.com\\\/actualidad\\\/author\\\/paula-brisajjmatrizcapital-com\\\/\"}]}<\/script>\n<!-- \/ Yoast SEO plugin. -->","yoast_head_json":{"title":"Entregamos a Consum Cooperativa su nueva tienda - Actualidad Inmoking","description":"Dentro del proyecto de La Vall Parc y promovido por INMOKING, Consum ha abierto su nueva tienda en Tavernes de la Valldigna.","robots":{"index":"index","follow":"follow","max-snippet":"max-snippet:-1","max-image-preview":"max-image-preview:large","max-video-preview":"max-video-preview:-1"},"canonical":"https:\/\/inmoking.com\/actualidad\/entregamos-a-consum-cooperativa-su-nueva-tienda\/","og_locale":"es_ES","og_type":"article","og_title":"Entregamos a Consum Cooperativa su nueva tienda - Actualidad Inmoking","og_description":"Dentro del proyecto de La Vall Parc y promovido por INMOKING, Consum ha abierto su nueva tienda en Tavernes de la Valldigna.","og_url":"https:\/\/inmoking.com\/actualidad\/entregamos-a-consum-cooperativa-su-nueva-tienda\/","og_site_name":"Actualidad Inmoking","article_published_time":"2024-10-22T12:57:32+00:00","article_modified_time":"2024-10-22T12:57:33+00:00","og_image":[{"width":1280,"height":720,"url":"https:\/\/inmoking.com\/actualidad\/wp-content\/uploads\/2024\/10\/La-vall-foto-prensa.jpg","type":"image\/jpeg"}],"author":"Paula Brisas","twitter_card":"summary_large_image","twitter_misc":{"Escrito por":"Paula Brisas","Tiempo de lectura":"2 minutos"},"schema":{"@context":"https:\/\/schema.org","@graph":[{"@type":"Article","@id":"https:\/\/inmoking.com\/actualidad\/entregamos-a-consum-cooperativa-su-nueva-tienda\/#article","isPartOf":{"@id":"https:\/\/inmoking.com\/actualidad\/entregamos-a-consum-cooperativa-su-nueva-tienda\/"},"author":{"name":"Paula Brisas","@id":"https:\/\/inmoking.com\/actualidad\/#\/schema\/person\/e965f2f2537b239dca34870eda52101b"},"headline":"Entregamos a Consum Cooperativa su nueva tienda","datePublished":"2024-10-22T12:57:32+00:00","dateModified":"2024-10-22T12:57:33+00:00","mainEntityOfPage":{"@id":"https:\/\/inmoking.com\/actualidad\/entregamos-a-consum-cooperativa-su-nueva-tienda\/"},"wordCount":277,"publisher":{"@id":"https:\/\/inmoking.com\/actualidad\/#organization"},"image":{"@id":"https:\/\/inmoking.com\/actualidad\/entregamos-a-consum-cooperativa-su-nueva-tienda\/#primaryimage"},"thumbnailUrl":"https:\/\/inmoking.com\/actualidad\/wp-content\/uploads\/2024\/10\/La-vall-foto-prensa.jpg","keywords":["asesoramiento","Inmoking","retail","suelo comercial"],"articleSection":["Comercial","Industria y Log\u00edstica","Ingenier\u00eda y Construcci\u00f3n","Noticias","Novedades","Retail"],"inLanguage":"es"},{"@type":"WebPage","@id":"https:\/\/inmoking.com\/actualidad\/entregamos-a-consum-cooperativa-su-nueva-tienda\/","url":"https:\/\/inmoking.com\/actualidad\/entregamos-a-consum-cooperativa-su-nueva-tienda\/","name":"Entregamos a Consum Cooperativa su nueva tienda - Actualidad Inmoking","isPartOf":{"@id":"https:\/\/inmoking.com\/actualidad\/#website"},"primaryImageOfPage":{"@id":"https:\/\/inmoking.com\/actualidad\/entregamos-a-consum-cooperativa-su-nueva-tienda\/#primaryimage"},"image":{"@id":"https:\/\/inmoking.com\/actualidad\/entregamos-a-consum-cooperativa-su-nueva-tienda\/#primaryimage"},"thumbnailUrl":"https:\/\/inmoking.com\/actualidad\/wp-content\/uploads\/2024\/10\/La-vall-foto-prensa.jpg","datePublished":"2024-10-22T12:57:32+00:00","dateModified":"2024-10-22T12:57:33+00:00","description":"Dentro del proyecto de La Vall Parc y promovido por INMOKING, Consum ha abierto su nueva tienda en Tavernes de la Valldigna.","inLanguage":"es","potentialAction":[{"@type":"ReadAction","target":["https:\/\/inmoking.com\/actualidad\/entregamos-a-consum-cooperativa-su-nueva-tienda\/"]}]},{"@type":"ImageObject","inLanguage":"es","@id":"https:\/\/inmoking.com\/actualidad\/entregamos-a-consum-cooperativa-su-nueva-tienda\/#primaryimage","url":"https:\/\/inmoking.com\/actualidad\/wp-content\/uploads\/2024\/10\/La-vall-foto-prensa.jpg","contentUrl":"https:\/\/inmoking.com\/actualidad\/wp-content\/uploads\/2024\/10\/La-vall-foto-prensa.jpg","width":1280,"height":720},{"@type":"WebSite","@id":"https:\/\/inmoking.com\/actualidad\/#website","url":"https:\/\/inmoking.com\/actualidad\/","name":"Actualidad Inmoking","description":"Blog sector inmobiliario de Inmoking Real Estate","publisher":{"@id":"https:\/\/inmoking.com\/actualidad\/#organization"},"potentialAction":[{"@type":"SearchAction","target":{"@type":"EntryPoint","urlTemplate":"https:\/\/inmoking.com\/actualidad\/?s={search_term_string}"},"query-input":{"@type":"PropertyValueSpecification","valueRequired":true,"valueName":"search_term_string"}}],"inLanguage":"es"},{"@type":"Organization","@id":"https:\/\/inmoking.com\/actualidad\/#organization","name":"Actualidad Inmoking","url":"https:\/\/inmoking.com\/actualidad\/","logo":{"@type":"ImageObject","inLanguage":"es","@id":"https:\/\/inmoking.com\/actualidad\/#\/schema\/logo\/image\/","url":"https:\/\/inmoking.com\/actualidad\/wp-content\/uploads\/2021\/09\/logo-inmoking.png","contentUrl":"https:\/\/inmoking.com\/actualidad\/wp-content\/uploads\/2021\/09\/logo-inmoking.png","width":360,"height":58,"caption":"Actualidad Inmoking"},"image":{"@id":"https:\/\/inmoking.com\/actualidad\/#\/schema\/logo\/image\/"}},{"@type":"Person","@id":"https:\/\/inmoking.com\/actualidad\/#\/schema\/person\/e965f2f2537b239dca34870eda52101b","name":"Paula Brisas","image":{"@type":"ImageObject","inLanguage":"es","@id":"https:\/\/secure.gravatar.com\/avatar\/9edda98102de3a550eeda85e5ba04d8942765511d0c985628b1d7f22ccfcba13?s=96&d=mm&r=g","url":"https:\/\/secure.gravatar.com\/avatar\/9edda98102de3a550eeda85e5ba04d8942765511d0c985628b1d7f22ccfcba13?s=96&d=mm&r=g","contentUrl":"https:\/\/secure.gravatar.com\/avatar\/9edda98102de3a550eeda85e5ba04d8942765511d0c985628b1d7f22ccfcba13?s=96&d=mm&r=g","caption":"Paula Brisas"},"url":"https:\/\/inmoking.com\/actualidad\/author\/paula-brisajjmatrizcapital-com\/"}]}},"_links":{"self":[{"href":"https:\/\/inmoking.com\/actualidad\/wp-json\/wp\/v2\/posts\/37078","targetHints":{"allow":["GET"]}}],"collection":[{"href":"https:\/\/inmoking.com\/actualidad\/wp-json\/wp\/v2\/posts"}],"about":[{"href":"https:\/\/inmoking.com\/actualidad\/wp-json\/wp\/v2\/types\/post"}],"author":[{"embeddable":true,"href":"https:\/\/inmoking.com\/actualidad\/wp-json\/wp\/v2\/users\/9"}],"replies":[{"embeddable":true,"href":"https:\/\/inmoking.com\/actualidad\/wp-json\/wp\/v2\/comments?post=37078"}],"version-history":[{"count":3,"href":"https:\/\/inmoking.com\/actualidad\/wp-json\/wp\/v2\/posts\/37078\/revisions"}],"predecessor-version":[{"id":37083,"href":"https:\/\/inmoking.com\/actualidad\/wp-json\/wp\/v2\/posts\/37078\/revisions\/37083"}],"wp:featuredmedia":[{"embeddable":true,"href":"https:\/\/inmoking.com\/actualidad\/wp-json\/wp\/v2\/media\/37081"}],"wp:attachment":[{"href":"https:\/\/inmoking.com\/actualidad\/wp-json\/wp\/v2\/media?parent=37078"}],"wp:term":[{"taxonomy":"category","embeddable":true,"href":"https:\/\/inmoking.com\/actualidad\/wp-json\/wp\/v2\/categories?post=37078"},{"taxonomy":"post_tag","embeddable":true,"href":"https:\/\/inmoking.com\/actualidad\/wp-json\/wp\/v2\/tags?post=37078"}],"curies":[{"name":"wp","href":"https:\/\/api.w.org\/{rel}","templated":true}]}}