{"id":36859,"date":"2023-09-20T14:43:13","date_gmt":"2023-09-20T12:43:13","guid":{"rendered":"https:\/\/inmoking.com\/actualidad\/?p=36859"},"modified":"2023-09-20T14:43:14","modified_gmt":"2023-09-20T12:43:14","slug":"inmoking-impulsa-la-creacion-de-dos-parques-comerciales-en-la-comunidad-valenciana","status":"publish","type":"post","link":"https:\/\/inmoking.com\/actualidad\/inmoking-impulsa-la-creacion-de-dos-parques-comerciales-en-la-comunidad-valenciana\/","title":{"rendered":"INMOKING Impulsa la Creaci\u00f3n de Dos Parques Comerciales en la Comunidad Valenciana"},"content":{"rendered":"\n<p>INMOKING, la prestigiosa consultora en asesoramiento para inversiones inmobiliarias y miembro del conglomerado <a href=\"https:\/\/jjmatrizcapital.com\/\">JJ Matriz Capital<\/a>, anuncia con entusiasmo el lanzamiento de dos modernos parques comerciales en las localidades de Tavernes de la Valldigna y La Nucia en la Comunidad Valenciana.<\/p>\n\n\n\n<h4 class=\"wp-block-heading\"><strong>Detalles del Proyecto en Tavernes de la Valldigna:<\/strong><\/h4>\n\n\n\n<p>\u2022 Superficie: 17,700 m2 con un dise\u00f1o constructivo de 6,500 m2.<\/p>\n\n\n\n<p>\u2022 Zona de aparcamiento para 250 veh\u00edculos.<\/p>\n\n\n\n<p>\u2022 Ubicado estrat\u00e9gicamente en la principal entrada de la localidad, accesible por la Cv-50.<\/p>\n\n\n\n<p>\u2022 Inicio de construcci\u00f3n previsto para el \u00faltimo trimestre de 2023 y gran apertura a finales de 2024.<\/p>\n\n\n\n<p>\u2022 Ya cuenta con un 60% de su espacio arrendado, proyectando un 100% de ocupaci\u00f3n con el arranque de las obras. Importantes operadores, incluyendo una reconocida cadena de supermercados, ser\u00e1n parte del proyecto.<\/p>\n\n\n\n<figure class=\"wp-block-image size-full\"><img loading=\"lazy\" decoding=\"async\" width=\"1024\" height=\"584\" src=\"https:\/\/inmoking.com\/actualidad\/wp-content\/uploads\/2023\/09\/tavernes.jpg\" alt=\"\" class=\"wp-image-36861\" srcset=\"https:\/\/inmoking.com\/actualidad\/wp-content\/uploads\/2023\/09\/tavernes.jpg 1024w, https:\/\/inmoking.com\/actualidad\/wp-content\/uploads\/2023\/09\/tavernes-300x171.jpg 300w, https:\/\/inmoking.com\/actualidad\/wp-content\/uploads\/2023\/09\/tavernes-768x438.jpg 768w\" sizes=\"auto, (max-width: 1024px) 100vw, 1024px\" \/><\/figure>\n\n\n\n<h4 class=\"wp-block-heading\"><strong>Detalles del Proyecto en La Nucia:<\/strong><\/h4>\n\n\n\n<p>\u2022 Dise\u00f1o visionario en un terreno de 21,600 m2, con un desarrollo constructivo de 10,000 m2.<\/p>\n\n\n\n<p>\u2022 Una arquitectura de dos niveles, dise\u00f1ada para aprovechar la orograf\u00eda, y con capacidad para 420 veh\u00edculos.<\/p>\n\n\n\n<p>\u2022 Ubicaci\u00f3n privilegiada en la entrada de la Ciudad del Deporte.<\/p>\n\n\n\n<p>\u2022 La comercializaci\u00f3n comenzar\u00e1 en septiembre. Se espera que las obras inicien en el primer trimestre de 2024 y su inauguraci\u00f3n se proyecta durante el primer trimestre de 2025.<\/p>\n\n\n\n<p>Ambos proyectos, que implican una inversi\u00f3n aproximada de 25.000.000 \u20ac, cuentan con el respaldo de un Family Office valenciano, que se ha unido a la visi\u00f3n y experiencia de INMOKING desde la adquisici\u00f3n de los terrenos hasta la concepci\u00f3n del producto final. JJ Matriz Capital supervisar\u00e1 el desarrollo integral de estos parques, con INMOKING a cargo de la promoci\u00f3n y comercializaci\u00f3n, y con IKS (<a href=\"https:\/\/inmoking.com\/iks\/\">Inmoking Servicios T\u00e9cnicos y Constructivos<\/a>) gestionando los aspectos t\u00e9cnicos y legales.<\/p>\n\n\n\n<p><em>\u201cEstos dos proyectos son un claro ejemplo del trabajo que hacemos desde JJ Matriz para nuestros clientes, donde optimizamos su inversi\u00f3n a trav\u00e9s del desarrollo de proyectos desde su origen, controlando todas las fases de la cadena de valor de este directamente desde empresas del grupo especializadas en cada una de ellas, lo que nos permite obtener los mejores resultados\u201d. <\/em>Jos\u00e9 Manuel Costa, cofundador de JJ Matriz Capital y gerente del desarrollo de los proyectos.<\/p>\n","protected":false},"excerpt":{"rendered":"<p>INMOKING, la prestigiosa consultora en asesoramiento para inversiones inmobiliarias y miembro del conglomerado JJ Matriz Capital, anuncia con entusiasmo el lanzamiento de dos modernos parques comerciales en las localidades de Tavernes de la Valldigna y La Nucia en la Comunidad Valenciana. Detalles del Proyecto en Tavernes de la Valldigna: \u2022 Superficie: 17,700 m2 con un&hellip; <a class=\"more-link\" href=\"https:\/\/inmoking.com\/actualidad\/inmoking-impulsa-la-creacion-de-dos-parques-comerciales-en-la-comunidad-valenciana\/\">Seguir leyendo <span class=\"screen-reader-text\">INMOKING Impulsa la Creaci\u00f3n de Dos Parques Comerciales en la Comunidad Valenciana<\/span><\/a><\/p>\n","protected":false},"author":1,"featured_media":36860,"comment_status":"closed","ping_status":"closed","sticky":false,"template":"","format":"standard","meta":{"footnotes":""},"categories":[36,173,174,6],"tags":[],"class_list":["post-36859","post","type-post","status-publish","format-standard","has-post-thumbnail","hentry","category-consultoria","category-ingenieria-y-construccion","category-medianas-comerciales","category-noticias-inmoking","entry"],"yoast_head":"<!-- This site is optimized with the Yoast SEO plugin v27.4 - https:\/\/yoast.com\/product\/yoast-seo-wordpress\/ -->\n<title>Impulsamos la Creaci\u00f3n de 2 Parques Comerciales en la CV<\/title>\n<meta name=\"description\" content=\"INMOKING anuncia el lanzamiento de dos modernos parques comerciales en las localidades de Tavernes de la Valldigna y La Nucia en la CV\" \/>\n<meta name=\"robots\" content=\"index, follow, max-snippet:-1, max-image-preview:large, max-video-preview:-1\" \/>\n<link rel=\"canonical\" href=\"https:\/\/inmoking.com\/actualidad\/inmoking-impulsa-la-creacion-de-dos-parques-comerciales-en-la-comunidad-valenciana\/\" \/>\n<meta property=\"og:locale\" content=\"es_ES\" \/>\n<meta property=\"og:type\" content=\"article\" \/>\n<meta property=\"og:title\" content=\"Impulsamos la Creaci\u00f3n de 2 Parques Comerciales en la CV\" \/>\n<meta property=\"og:description\" content=\"INMOKING anuncia el lanzamiento de dos modernos parques comerciales en las localidades de Tavernes de la Valldigna y La Nucia en la CV\" \/>\n<meta property=\"og:url\" content=\"https:\/\/inmoking.com\/actualidad\/inmoking-impulsa-la-creacion-de-dos-parques-comerciales-en-la-comunidad-valenciana\/\" \/>\n<meta property=\"og:site_name\" content=\"Actualidad Inmoking\" \/>\n<meta property=\"article:published_time\" content=\"2023-09-20T12:43:13+00:00\" \/>\n<meta property=\"article:modified_time\" content=\"2023-09-20T12:43:14+00:00\" \/>\n<meta property=\"og:image\" content=\"https:\/\/inmoking.com\/actualidad\/wp-content\/uploads\/2023\/09\/la-nucia.jpg\" \/>\n\t<meta property=\"og:image:width\" content=\"1742\" \/>\n\t<meta property=\"og:image:height\" content=\"1428\" \/>\n\t<meta property=\"og:image:type\" content=\"image\/jpeg\" \/>\n<meta name=\"author\" content=\"inmoking\" \/>\n<meta name=\"twitter:card\" content=\"summary_large_image\" \/>\n<meta name=\"twitter:label1\" content=\"Escrito por\" \/>\n\t<meta name=\"twitter:data1\" content=\"inmoking\" \/>\n\t<meta name=\"twitter:label2\" content=\"Tiempo de lectura\" \/>\n\t<meta name=\"twitter:data2\" content=\"2 minutos\" \/>\n<script type=\"application\/ld+json\" class=\"yoast-schema-graph\">{\"@context\":\"https:\\\/\\\/schema.org\",\"@graph\":[{\"@type\":\"Article\",\"@id\":\"https:\\\/\\\/inmoking.com\\\/actualidad\\\/inmoking-impulsa-la-creacion-de-dos-parques-comerciales-en-la-comunidad-valenciana\\\/#article\",\"isPartOf\":{\"@id\":\"https:\\\/\\\/inmoking.com\\\/actualidad\\\/inmoking-impulsa-la-creacion-de-dos-parques-comerciales-en-la-comunidad-valenciana\\\/\"},\"author\":{\"name\":\"inmoking\",\"@id\":\"https:\\\/\\\/inmoking.com\\\/actualidad\\\/#\\\/schema\\\/person\\\/14cf29860202c36f88f0a45a5c201335\"},\"headline\":\"INMOKING Impulsa la Creaci\u00f3n de Dos Parques Comerciales en la Comunidad Valenciana\",\"datePublished\":\"2023-09-20T12:43:13+00:00\",\"dateModified\":\"2023-09-20T12:43:14+00:00\",\"mainEntityOfPage\":{\"@id\":\"https:\\\/\\\/inmoking.com\\\/actualidad\\\/inmoking-impulsa-la-creacion-de-dos-parques-comerciales-en-la-comunidad-valenciana\\\/\"},\"wordCount\":374,\"publisher\":{\"@id\":\"https:\\\/\\\/inmoking.com\\\/actualidad\\\/#organization\"},\"image\":{\"@id\":\"https:\\\/\\\/inmoking.com\\\/actualidad\\\/inmoking-impulsa-la-creacion-de-dos-parques-comerciales-en-la-comunidad-valenciana\\\/#primaryimage\"},\"thumbnailUrl\":\"https:\\\/\\\/inmoking.com\\\/actualidad\\\/wp-content\\\/uploads\\\/2023\\\/09\\\/la-nucia.jpg\",\"articleSection\":[\"Consultor\u00eda\",\"Ingenier\u00eda y Construcci\u00f3n\",\"Medianas Comerciales\",\"Noticias\"],\"inLanguage\":\"es\"},{\"@type\":\"WebPage\",\"@id\":\"https:\\\/\\\/inmoking.com\\\/actualidad\\\/inmoking-impulsa-la-creacion-de-dos-parques-comerciales-en-la-comunidad-valenciana\\\/\",\"url\":\"https:\\\/\\\/inmoking.com\\\/actualidad\\\/inmoking-impulsa-la-creacion-de-dos-parques-comerciales-en-la-comunidad-valenciana\\\/\",\"name\":\"Impulsamos la Creaci\u00f3n de 2 Parques Comerciales en la CV\",\"isPartOf\":{\"@id\":\"https:\\\/\\\/inmoking.com\\\/actualidad\\\/#website\"},\"primaryImageOfPage\":{\"@id\":\"https:\\\/\\\/inmoking.com\\\/actualidad\\\/inmoking-impulsa-la-creacion-de-dos-parques-comerciales-en-la-comunidad-valenciana\\\/#primaryimage\"},\"image\":{\"@id\":\"https:\\\/\\\/inmoking.com\\\/actualidad\\\/inmoking-impulsa-la-creacion-de-dos-parques-comerciales-en-la-comunidad-valenciana\\\/#primaryimage\"},\"thumbnailUrl\":\"https:\\\/\\\/inmoking.com\\\/actualidad\\\/wp-content\\\/uploads\\\/2023\\\/09\\\/la-nucia.jpg\",\"datePublished\":\"2023-09-20T12:43:13+00:00\",\"dateModified\":\"2023-09-20T12:43:14+00:00\",\"description\":\"INMOKING anuncia el lanzamiento de dos modernos parques comerciales en las localidades de Tavernes de la Valldigna y La Nucia en la CV\",\"inLanguage\":\"es\",\"potentialAction\":[{\"@type\":\"ReadAction\",\"target\":[\"https:\\\/\\\/inmoking.com\\\/actualidad\\\/inmoking-impulsa-la-creacion-de-dos-parques-comerciales-en-la-comunidad-valenciana\\\/\"]}]},{\"@type\":\"ImageObject\",\"inLanguage\":\"es\",\"@id\":\"https:\\\/\\\/inmoking.com\\\/actualidad\\\/inmoking-impulsa-la-creacion-de-dos-parques-comerciales-en-la-comunidad-valenciana\\\/#primaryimage\",\"url\":\"https:\\\/\\\/inmoking.com\\\/actualidad\\\/wp-content\\\/uploads\\\/2023\\\/09\\\/la-nucia.jpg\",\"contentUrl\":\"https:\\\/\\\/inmoking.com\\\/actualidad\\\/wp-content\\\/uploads\\\/2023\\\/09\\\/la-nucia.jpg\",\"width\":1742,\"height\":1428,\"caption\":\"Parques Comerciales\"},{\"@type\":\"WebSite\",\"@id\":\"https:\\\/\\\/inmoking.com\\\/actualidad\\\/#website\",\"url\":\"https:\\\/\\\/inmoking.com\\\/actualidad\\\/\",\"name\":\"Actualidad Inmoking\",\"description\":\"Blog sector inmobiliario de Inmoking Real Estate\",\"publisher\":{\"@id\":\"https:\\\/\\\/inmoking.com\\\/actualidad\\\/#organization\"},\"potentialAction\":[{\"@type\":\"SearchAction\",\"target\":{\"@type\":\"EntryPoint\",\"urlTemplate\":\"https:\\\/\\\/inmoking.com\\\/actualidad\\\/?s={search_term_string}\"},\"query-input\":{\"@type\":\"PropertyValueSpecification\",\"valueRequired\":true,\"valueName\":\"search_term_string\"}}],\"inLanguage\":\"es\"},{\"@type\":\"Organization\",\"@id\":\"https:\\\/\\\/inmoking.com\\\/actualidad\\\/#organization\",\"name\":\"Actualidad Inmoking\",\"url\":\"https:\\\/\\\/inmoking.com\\\/actualidad\\\/\",\"logo\":{\"@type\":\"ImageObject\",\"inLanguage\":\"es\",\"@id\":\"https:\\\/\\\/inmoking.com\\\/actualidad\\\/#\\\/schema\\\/logo\\\/image\\\/\",\"url\":\"https:\\\/\\\/inmoking.com\\\/actualidad\\\/wp-content\\\/uploads\\\/2021\\\/09\\\/logo-inmoking.png\",\"contentUrl\":\"https:\\\/\\\/inmoking.com\\\/actualidad\\\/wp-content\\\/uploads\\\/2021\\\/09\\\/logo-inmoking.png\",\"width\":360,\"height\":58,\"caption\":\"Actualidad Inmoking\"},\"image\":{\"@id\":\"https:\\\/\\\/inmoking.com\\\/actualidad\\\/#\\\/schema\\\/logo\\\/image\\\/\"}},{\"@type\":\"Person\",\"@id\":\"https:\\\/\\\/inmoking.com\\\/actualidad\\\/#\\\/schema\\\/person\\\/14cf29860202c36f88f0a45a5c201335\",\"name\":\"inmoking\",\"image\":{\"@type\":\"ImageObject\",\"inLanguage\":\"es\",\"@id\":\"https:\\\/\\\/secure.gravatar.com\\\/avatar\\\/1f1809877ea8af7f9f97d3c51a9e7b3c8274c8c24cbe33702167a88a0413bdd5?s=96&d=mm&r=g\",\"url\":\"https:\\\/\\\/secure.gravatar.com\\\/avatar\\\/1f1809877ea8af7f9f97d3c51a9e7b3c8274c8c24cbe33702167a88a0413bdd5?s=96&d=mm&r=g\",\"contentUrl\":\"https:\\\/\\\/secure.gravatar.com\\\/avatar\\\/1f1809877ea8af7f9f97d3c51a9e7b3c8274c8c24cbe33702167a88a0413bdd5?s=96&d=mm&r=g\",\"caption\":\"inmoking\"},\"sameAs\":[\"https:\\\/\\\/www.inmoking.com\\\/actualidad\"],\"url\":\"https:\\\/\\\/inmoking.com\\\/actualidad\\\/author\\\/inmoking\\\/\"}]}<\/script>\n<!-- \/ Yoast SEO plugin. -->","yoast_head_json":{"title":"Impulsamos la Creaci\u00f3n de 2 Parques Comerciales en la CV","description":"INMOKING anuncia el lanzamiento de dos modernos parques comerciales en las localidades de Tavernes de la Valldigna y La Nucia en la CV","robots":{"index":"index","follow":"follow","max-snippet":"max-snippet:-1","max-image-preview":"max-image-preview:large","max-video-preview":"max-video-preview:-1"},"canonical":"https:\/\/inmoking.com\/actualidad\/inmoking-impulsa-la-creacion-de-dos-parques-comerciales-en-la-comunidad-valenciana\/","og_locale":"es_ES","og_type":"article","og_title":"Impulsamos la Creaci\u00f3n de 2 Parques Comerciales en la CV","og_description":"INMOKING anuncia el lanzamiento de dos modernos parques comerciales en las localidades de Tavernes de la Valldigna y La Nucia en la CV","og_url":"https:\/\/inmoking.com\/actualidad\/inmoking-impulsa-la-creacion-de-dos-parques-comerciales-en-la-comunidad-valenciana\/","og_site_name":"Actualidad Inmoking","article_published_time":"2023-09-20T12:43:13+00:00","article_modified_time":"2023-09-20T12:43:14+00:00","og_image":[{"width":1742,"height":1428,"url":"https:\/\/inmoking.com\/actualidad\/wp-content\/uploads\/2023\/09\/la-nucia.jpg","type":"image\/jpeg"}],"author":"inmoking","twitter_card":"summary_large_image","twitter_misc":{"Escrito por":"inmoking","Tiempo de lectura":"2 minutos"},"schema":{"@context":"https:\/\/schema.org","@graph":[{"@type":"Article","@id":"https:\/\/inmoking.com\/actualidad\/inmoking-impulsa-la-creacion-de-dos-parques-comerciales-en-la-comunidad-valenciana\/#article","isPartOf":{"@id":"https:\/\/inmoking.com\/actualidad\/inmoking-impulsa-la-creacion-de-dos-parques-comerciales-en-la-comunidad-valenciana\/"},"author":{"name":"inmoking","@id":"https:\/\/inmoking.com\/actualidad\/#\/schema\/person\/14cf29860202c36f88f0a45a5c201335"},"headline":"INMOKING Impulsa la Creaci\u00f3n de Dos Parques Comerciales en la Comunidad Valenciana","datePublished":"2023-09-20T12:43:13+00:00","dateModified":"2023-09-20T12:43:14+00:00","mainEntityOfPage":{"@id":"https:\/\/inmoking.com\/actualidad\/inmoking-impulsa-la-creacion-de-dos-parques-comerciales-en-la-comunidad-valenciana\/"},"wordCount":374,"publisher":{"@id":"https:\/\/inmoking.com\/actualidad\/#organization"},"image":{"@id":"https:\/\/inmoking.com\/actualidad\/inmoking-impulsa-la-creacion-de-dos-parques-comerciales-en-la-comunidad-valenciana\/#primaryimage"},"thumbnailUrl":"https:\/\/inmoking.com\/actualidad\/wp-content\/uploads\/2023\/09\/la-nucia.jpg","articleSection":["Consultor\u00eda","Ingenier\u00eda y Construcci\u00f3n","Medianas Comerciales","Noticias"],"inLanguage":"es"},{"@type":"WebPage","@id":"https:\/\/inmoking.com\/actualidad\/inmoking-impulsa-la-creacion-de-dos-parques-comerciales-en-la-comunidad-valenciana\/","url":"https:\/\/inmoking.com\/actualidad\/inmoking-impulsa-la-creacion-de-dos-parques-comerciales-en-la-comunidad-valenciana\/","name":"Impulsamos la Creaci\u00f3n de 2 Parques Comerciales en la CV","isPartOf":{"@id":"https:\/\/inmoking.com\/actualidad\/#website"},"primaryImageOfPage":{"@id":"https:\/\/inmoking.com\/actualidad\/inmoking-impulsa-la-creacion-de-dos-parques-comerciales-en-la-comunidad-valenciana\/#primaryimage"},"image":{"@id":"https:\/\/inmoking.com\/actualidad\/inmoking-impulsa-la-creacion-de-dos-parques-comerciales-en-la-comunidad-valenciana\/#primaryimage"},"thumbnailUrl":"https:\/\/inmoking.com\/actualidad\/wp-content\/uploads\/2023\/09\/la-nucia.jpg","datePublished":"2023-09-20T12:43:13+00:00","dateModified":"2023-09-20T12:43:14+00:00","description":"INMOKING anuncia el lanzamiento de dos modernos parques comerciales en las localidades de Tavernes de la Valldigna y La Nucia en la CV","inLanguage":"es","potentialAction":[{"@type":"ReadAction","target":["https:\/\/inmoking.com\/actualidad\/inmoking-impulsa-la-creacion-de-dos-parques-comerciales-en-la-comunidad-valenciana\/"]}]},{"@type":"ImageObject","inLanguage":"es","@id":"https:\/\/inmoking.com\/actualidad\/inmoking-impulsa-la-creacion-de-dos-parques-comerciales-en-la-comunidad-valenciana\/#primaryimage","url":"https:\/\/inmoking.com\/actualidad\/wp-content\/uploads\/2023\/09\/la-nucia.jpg","contentUrl":"https:\/\/inmoking.com\/actualidad\/wp-content\/uploads\/2023\/09\/la-nucia.jpg","width":1742,"height":1428,"caption":"Parques Comerciales"},{"@type":"WebSite","@id":"https:\/\/inmoking.com\/actualidad\/#website","url":"https:\/\/inmoking.com\/actualidad\/","name":"Actualidad Inmoking","description":"Blog sector inmobiliario de Inmoking Real Estate","publisher":{"@id":"https:\/\/inmoking.com\/actualidad\/#organization"},"potentialAction":[{"@type":"SearchAction","target":{"@type":"EntryPoint","urlTemplate":"https:\/\/inmoking.com\/actualidad\/?s={search_term_string}"},"query-input":{"@type":"PropertyValueSpecification","valueRequired":true,"valueName":"search_term_string"}}],"inLanguage":"es"},{"@type":"Organization","@id":"https:\/\/inmoking.com\/actualidad\/#organization","name":"Actualidad Inmoking","url":"https:\/\/inmoking.com\/actualidad\/","logo":{"@type":"ImageObject","inLanguage":"es","@id":"https:\/\/inmoking.com\/actualidad\/#\/schema\/logo\/image\/","url":"https:\/\/inmoking.com\/actualidad\/wp-content\/uploads\/2021\/09\/logo-inmoking.png","contentUrl":"https:\/\/inmoking.com\/actualidad\/wp-content\/uploads\/2021\/09\/logo-inmoking.png","width":360,"height":58,"caption":"Actualidad Inmoking"},"image":{"@id":"https:\/\/inmoking.com\/actualidad\/#\/schema\/logo\/image\/"}},{"@type":"Person","@id":"https:\/\/inmoking.com\/actualidad\/#\/schema\/person\/14cf29860202c36f88f0a45a5c201335","name":"inmoking","image":{"@type":"ImageObject","inLanguage":"es","@id":"https:\/\/secure.gravatar.com\/avatar\/1f1809877ea8af7f9f97d3c51a9e7b3c8274c8c24cbe33702167a88a0413bdd5?s=96&d=mm&r=g","url":"https:\/\/secure.gravatar.com\/avatar\/1f1809877ea8af7f9f97d3c51a9e7b3c8274c8c24cbe33702167a88a0413bdd5?s=96&d=mm&r=g","contentUrl":"https:\/\/secure.gravatar.com\/avatar\/1f1809877ea8af7f9f97d3c51a9e7b3c8274c8c24cbe33702167a88a0413bdd5?s=96&d=mm&r=g","caption":"inmoking"},"sameAs":["https:\/\/www.inmoking.com\/actualidad"],"url":"https:\/\/inmoking.com\/actualidad\/author\/inmoking\/"}]}},"_links":{"self":[{"href":"https:\/\/inmoking.com\/actualidad\/wp-json\/wp\/v2\/posts\/36859","targetHints":{"allow":["GET"]}}],"collection":[{"href":"https:\/\/inmoking.com\/actualidad\/wp-json\/wp\/v2\/posts"}],"about":[{"href":"https:\/\/inmoking.com\/actualidad\/wp-json\/wp\/v2\/types\/post"}],"author":[{"embeddable":true,"href":"https:\/\/inmoking.com\/actualidad\/wp-json\/wp\/v2\/users\/1"}],"replies":[{"embeddable":true,"href":"https:\/\/inmoking.com\/actualidad\/wp-json\/wp\/v2\/comments?post=36859"}],"version-history":[{"count":1,"href":"https:\/\/inmoking.com\/actualidad\/wp-json\/wp\/v2\/posts\/36859\/revisions"}],"predecessor-version":[{"id":36862,"href":"https:\/\/inmoking.com\/actualidad\/wp-json\/wp\/v2\/posts\/36859\/revisions\/36862"}],"wp:featuredmedia":[{"embeddable":true,"href":"https:\/\/inmoking.com\/actualidad\/wp-json\/wp\/v2\/media\/36860"}],"wp:attachment":[{"href":"https:\/\/inmoking.com\/actualidad\/wp-json\/wp\/v2\/media?parent=36859"}],"wp:term":[{"taxonomy":"category","embeddable":true,"href":"https:\/\/inmoking.com\/actualidad\/wp-json\/wp\/v2\/categories?post=36859"},{"taxonomy":"post_tag","embeddable":true,"href":"https:\/\/inmoking.com\/actualidad\/wp-json\/wp\/v2\/tags?post=36859"}],"curies":[{"name":"wp","href":"https:\/\/api.w.org\/{rel}","templated":true}]}}