{"id":36779,"date":"2023-04-12T11:14:00","date_gmt":"2023-04-12T09:14:00","guid":{"rendered":"https:\/\/inmoking.com\/actualidad\/?p=36779"},"modified":"2023-04-25T11:23:26","modified_gmt":"2023-04-25T09:23:26","slug":"saclima-solar-fotovoltaica-invertira-mas-de-12-millones-en-sus-nuevas-instalaciones-del-parque-empresarial-tactica-de-paterna","status":"publish","type":"post","link":"https:\/\/inmoking.com\/actualidad\/saclima-solar-fotovoltaica-invertira-mas-de-12-millones-en-sus-nuevas-instalaciones-del-parque-empresarial-tactica-de-paterna\/","title":{"rendered":"Saclima Solar Fotovoltaica invertir\u00e1 m\u00e1s de 12 millones en sus nuevas instalaciones del parque empresarial T\u00e1ctica de Paterna"},"content":{"rendered":"\n<p>La empresa valenciana <a href=\"http:\/\/www.saclimafotovoltaica.com\/\" target=\"_blank\" rel=\"noreferrer noopener\">Saclima Solar Fotovoltaica<\/a>, una de las mayores distribuidoras a nivel nacional de material fotovoltaico, prev\u00e9 trasladar su sede al Parque Empresarial T\u00e1ctica, en Paterna (Valencia) a finales del a\u00f1o 2024. El crecimiento que ha experimentado en los \u00faltimos a\u00f1os y las necesidades inmobiliarias marcadas por su plan estrat\u00e9gico hacen prever a la empresa una inversi\u00f3n total de aproximadamente 12 millones de euros, entre el coste del suelo y el de la futura construcci\u00f3n.<\/p>\n\n\n\n<p>En concreto, la firma ha adquirido un suelo industrial\/terciario con una superficie total de 20.000 metros cuadrados y una edificabilidad total de 33.000 metros cuadrados, donde se ha planeado construir un edificio de oficinas y un centro log\u00edstico. La transacci\u00f3n se ha llevado a cabo con el asesoramiento de la compa\u00f1\u00eda de servicios inmobiliarios INMOKING, que tambi\u00e9n est\u00e1 apoyando a Saclima en la conceptualizaci\u00f3n del nuevo proyecto.<\/p>\n\n\n\n<p>\u201cCon estas nuevas instalaciones damos cobertura al crecimiento de mercado que esperamos que contin\u00fae en la misma senda en los pr\u00f3ximos a\u00f1os, con la firme intenci\u00f3n de seguir ofreciendo el mejor de los servicios de ventas, log\u00edstico y t\u00e9cnico a nuestros clientes\u201d, declara Mario Tardio, Director General de Saclima Solar Fotovoltaica.<\/p>\n\n\n\n<p>Saclima Solar Fotovoltaica, nacida en 2002, cerr\u00f3 el a\u00f1o pasado con una cifra de negocio de 170 millones de euros, frente a los 60 millones del a\u00f1o anterior, lo que supone un incremento del 185%. Y las estimaciones iniciales para el actual ejercicio apuntan tambi\u00e9n a un importante crecimiento.<\/p>\n","protected":false},"excerpt":{"rendered":"<p>La empresa valenciana Saclima Solar Fotovoltaica, una de las mayores distribuidoras a nivel nacional de material fotovoltaico, prev\u00e9 trasladar su sede al Parque Empresarial T\u00e1ctica, en Paterna (Valencia) a finales del a\u00f1o 2024. El crecimiento que ha experimentado en los \u00faltimos a\u00f1os y las necesidades inmobiliarias marcadas por su plan estrat\u00e9gico hacen prever a la&hellip; <a class=\"more-link\" href=\"https:\/\/inmoking.com\/actualidad\/saclima-solar-fotovoltaica-invertira-mas-de-12-millones-en-sus-nuevas-instalaciones-del-parque-empresarial-tactica-de-paterna\/\">Seguir leyendo <span class=\"screen-reader-text\">Saclima Solar Fotovoltaica invertir\u00e1 m\u00e1s de 12 millones en sus nuevas instalaciones del parque empresarial T\u00e1ctica de Paterna<\/span><\/a><\/p>\n","protected":false},"author":1,"featured_media":36780,"comment_status":"closed","ping_status":"closed","sticky":false,"template":"","format":"standard","meta":{"footnotes":""},"categories":[13,12,6],"tags":[],"class_list":["post-36779","post","type-post","status-publish","format-standard","has-post-thumbnail","hentry","category-analisis-expertos","category-industria-y-logistica","category-noticias-inmoking","entry"],"yoast_head":"<!-- This site is optimized with the Yoast SEO plugin v27.4 - https:\/\/yoast.com\/product\/yoast-seo-wordpress\/ -->\n<title>Saclima invertir\u00e1 mas de 12M en sus nuevas instalaciones<\/title>\n<meta name=\"description\" content=\"Saclima Solar Fotovoltaica prev\u00e9 trasladar su sede al Parque Empresarial T\u00e1ctica, en Paterna (Valencia) a finales del a\u00f1o 2024.\" \/>\n<meta name=\"robots\" content=\"index, follow, max-snippet:-1, max-image-preview:large, max-video-preview:-1\" \/>\n<link rel=\"canonical\" href=\"https:\/\/inmoking.com\/actualidad\/saclima-solar-fotovoltaica-invertira-mas-de-12-millones-en-sus-nuevas-instalaciones-del-parque-empresarial-tactica-de-paterna\/\" \/>\n<meta property=\"og:locale\" content=\"es_ES\" \/>\n<meta property=\"og:type\" content=\"article\" \/>\n<meta property=\"og:title\" content=\"Saclima invertir\u00e1 mas de 12M en sus nuevas instalaciones\" \/>\n<meta property=\"og:description\" content=\"Saclima Solar Fotovoltaica prev\u00e9 trasladar su sede al Parque Empresarial T\u00e1ctica, en Paterna (Valencia) a finales del a\u00f1o 2024.\" \/>\n<meta property=\"og:url\" content=\"https:\/\/inmoking.com\/actualidad\/saclima-solar-fotovoltaica-invertira-mas-de-12-millones-en-sus-nuevas-instalaciones-del-parque-empresarial-tactica-de-paterna\/\" \/>\n<meta property=\"og:site_name\" content=\"Actualidad Inmoking\" \/>\n<meta property=\"article:published_time\" content=\"2023-04-12T09:14:00+00:00\" \/>\n<meta property=\"article:modified_time\" content=\"2023-04-25T09:23:26+00:00\" \/>\n<meta property=\"og:image\" content=\"https:\/\/inmoking.com\/actualidad\/wp-content\/uploads\/2023\/04\/saclima.jpg\" \/>\n\t<meta property=\"og:image:width\" content=\"2048\" \/>\n\t<meta property=\"og:image:height\" content=\"1152\" \/>\n\t<meta property=\"og:image:type\" content=\"image\/jpeg\" \/>\n<meta name=\"author\" content=\"inmoking\" \/>\n<meta name=\"twitter:card\" content=\"summary_large_image\" \/>\n<meta name=\"twitter:label1\" content=\"Escrito por\" \/>\n\t<meta name=\"twitter:data1\" content=\"inmoking\" \/>\n\t<meta name=\"twitter:label2\" content=\"Tiempo de lectura\" \/>\n\t<meta name=\"twitter:data2\" content=\"2 minutos\" \/>\n<script type=\"application\/ld+json\" class=\"yoast-schema-graph\">{\"@context\":\"https:\\\/\\\/schema.org\",\"@graph\":[{\"@type\":\"Article\",\"@id\":\"https:\\\/\\\/inmoking.com\\\/actualidad\\\/saclima-solar-fotovoltaica-invertira-mas-de-12-millones-en-sus-nuevas-instalaciones-del-parque-empresarial-tactica-de-paterna\\\/#article\",\"isPartOf\":{\"@id\":\"https:\\\/\\\/inmoking.com\\\/actualidad\\\/saclima-solar-fotovoltaica-invertira-mas-de-12-millones-en-sus-nuevas-instalaciones-del-parque-empresarial-tactica-de-paterna\\\/\"},\"author\":{\"name\":\"inmoking\",\"@id\":\"https:\\\/\\\/inmoking.com\\\/actualidad\\\/#\\\/schema\\\/person\\\/14cf29860202c36f88f0a45a5c201335\"},\"headline\":\"Saclima Solar Fotovoltaica invertir\u00e1 m\u00e1s de 12 millones en sus nuevas instalaciones del parque empresarial T\u00e1ctica de Paterna\",\"datePublished\":\"2023-04-12T09:14:00+00:00\",\"dateModified\":\"2023-04-25T09:23:26+00:00\",\"mainEntityOfPage\":{\"@id\":\"https:\\\/\\\/inmoking.com\\\/actualidad\\\/saclima-solar-fotovoltaica-invertira-mas-de-12-millones-en-sus-nuevas-instalaciones-del-parque-empresarial-tactica-de-paterna\\\/\"},\"wordCount\":275,\"publisher\":{\"@id\":\"https:\\\/\\\/inmoking.com\\\/actualidad\\\/#organization\"},\"image\":{\"@id\":\"https:\\\/\\\/inmoking.com\\\/actualidad\\\/saclima-solar-fotovoltaica-invertira-mas-de-12-millones-en-sus-nuevas-instalaciones-del-parque-empresarial-tactica-de-paterna\\\/#primaryimage\"},\"thumbnailUrl\":\"https:\\\/\\\/inmoking.com\\\/actualidad\\\/wp-content\\\/uploads\\\/2023\\\/04\\\/saclima.jpg\",\"articleSection\":[\"An\u00e1lisis de expertos\",\"Industria y Log\u00edstica\",\"Noticias\"],\"inLanguage\":\"es\"},{\"@type\":\"WebPage\",\"@id\":\"https:\\\/\\\/inmoking.com\\\/actualidad\\\/saclima-solar-fotovoltaica-invertira-mas-de-12-millones-en-sus-nuevas-instalaciones-del-parque-empresarial-tactica-de-paterna\\\/\",\"url\":\"https:\\\/\\\/inmoking.com\\\/actualidad\\\/saclima-solar-fotovoltaica-invertira-mas-de-12-millones-en-sus-nuevas-instalaciones-del-parque-empresarial-tactica-de-paterna\\\/\",\"name\":\"Saclima invertir\u00e1 mas de 12M en sus nuevas instalaciones\",\"isPartOf\":{\"@id\":\"https:\\\/\\\/inmoking.com\\\/actualidad\\\/#website\"},\"primaryImageOfPage\":{\"@id\":\"https:\\\/\\\/inmoking.com\\\/actualidad\\\/saclima-solar-fotovoltaica-invertira-mas-de-12-millones-en-sus-nuevas-instalaciones-del-parque-empresarial-tactica-de-paterna\\\/#primaryimage\"},\"image\":{\"@id\":\"https:\\\/\\\/inmoking.com\\\/actualidad\\\/saclima-solar-fotovoltaica-invertira-mas-de-12-millones-en-sus-nuevas-instalaciones-del-parque-empresarial-tactica-de-paterna\\\/#primaryimage\"},\"thumbnailUrl\":\"https:\\\/\\\/inmoking.com\\\/actualidad\\\/wp-content\\\/uploads\\\/2023\\\/04\\\/saclima.jpg\",\"datePublished\":\"2023-04-12T09:14:00+00:00\",\"dateModified\":\"2023-04-25T09:23:26+00:00\",\"description\":\"Saclima Solar Fotovoltaica prev\u00e9 trasladar su sede al Parque Empresarial T\u00e1ctica, en Paterna (Valencia) a finales del a\u00f1o 2024.\",\"inLanguage\":\"es\",\"potentialAction\":[{\"@type\":\"ReadAction\",\"target\":[\"https:\\\/\\\/inmoking.com\\\/actualidad\\\/saclima-solar-fotovoltaica-invertira-mas-de-12-millones-en-sus-nuevas-instalaciones-del-parque-empresarial-tactica-de-paterna\\\/\"]}]},{\"@type\":\"ImageObject\",\"inLanguage\":\"es\",\"@id\":\"https:\\\/\\\/inmoking.com\\\/actualidad\\\/saclima-solar-fotovoltaica-invertira-mas-de-12-millones-en-sus-nuevas-instalaciones-del-parque-empresarial-tactica-de-paterna\\\/#primaryimage\",\"url\":\"https:\\\/\\\/inmoking.com\\\/actualidad\\\/wp-content\\\/uploads\\\/2023\\\/04\\\/saclima.jpg\",\"contentUrl\":\"https:\\\/\\\/inmoking.com\\\/actualidad\\\/wp-content\\\/uploads\\\/2023\\\/04\\\/saclima.jpg\",\"width\":2048,\"height\":1152,\"caption\":\"nuevas instalaciones saclima\"},{\"@type\":\"WebSite\",\"@id\":\"https:\\\/\\\/inmoking.com\\\/actualidad\\\/#website\",\"url\":\"https:\\\/\\\/inmoking.com\\\/actualidad\\\/\",\"name\":\"Actualidad Inmoking\",\"description\":\"Blog sector inmobiliario de Inmoking Real Estate\",\"publisher\":{\"@id\":\"https:\\\/\\\/inmoking.com\\\/actualidad\\\/#organization\"},\"potentialAction\":[{\"@type\":\"SearchAction\",\"target\":{\"@type\":\"EntryPoint\",\"urlTemplate\":\"https:\\\/\\\/inmoking.com\\\/actualidad\\\/?s={search_term_string}\"},\"query-input\":{\"@type\":\"PropertyValueSpecification\",\"valueRequired\":true,\"valueName\":\"search_term_string\"}}],\"inLanguage\":\"es\"},{\"@type\":\"Organization\",\"@id\":\"https:\\\/\\\/inmoking.com\\\/actualidad\\\/#organization\",\"name\":\"Actualidad Inmoking\",\"url\":\"https:\\\/\\\/inmoking.com\\\/actualidad\\\/\",\"logo\":{\"@type\":\"ImageObject\",\"inLanguage\":\"es\",\"@id\":\"https:\\\/\\\/inmoking.com\\\/actualidad\\\/#\\\/schema\\\/logo\\\/image\\\/\",\"url\":\"https:\\\/\\\/inmoking.com\\\/actualidad\\\/wp-content\\\/uploads\\\/2021\\\/09\\\/logo-inmoking.png\",\"contentUrl\":\"https:\\\/\\\/inmoking.com\\\/actualidad\\\/wp-content\\\/uploads\\\/2021\\\/09\\\/logo-inmoking.png\",\"width\":360,\"height\":58,\"caption\":\"Actualidad Inmoking\"},\"image\":{\"@id\":\"https:\\\/\\\/inmoking.com\\\/actualidad\\\/#\\\/schema\\\/logo\\\/image\\\/\"}},{\"@type\":\"Person\",\"@id\":\"https:\\\/\\\/inmoking.com\\\/actualidad\\\/#\\\/schema\\\/person\\\/14cf29860202c36f88f0a45a5c201335\",\"name\":\"inmoking\",\"image\":{\"@type\":\"ImageObject\",\"inLanguage\":\"es\",\"@id\":\"https:\\\/\\\/secure.gravatar.com\\\/avatar\\\/1f1809877ea8af7f9f97d3c51a9e7b3c8274c8c24cbe33702167a88a0413bdd5?s=96&d=mm&r=g\",\"url\":\"https:\\\/\\\/secure.gravatar.com\\\/avatar\\\/1f1809877ea8af7f9f97d3c51a9e7b3c8274c8c24cbe33702167a88a0413bdd5?s=96&d=mm&r=g\",\"contentUrl\":\"https:\\\/\\\/secure.gravatar.com\\\/avatar\\\/1f1809877ea8af7f9f97d3c51a9e7b3c8274c8c24cbe33702167a88a0413bdd5?s=96&d=mm&r=g\",\"caption\":\"inmoking\"},\"sameAs\":[\"https:\\\/\\\/www.inmoking.com\\\/actualidad\"],\"url\":\"https:\\\/\\\/inmoking.com\\\/actualidad\\\/author\\\/inmoking\\\/\"}]}<\/script>\n<!-- \/ Yoast SEO plugin. -->","yoast_head_json":{"title":"Saclima invertir\u00e1 mas de 12M en sus nuevas instalaciones","description":"Saclima Solar Fotovoltaica prev\u00e9 trasladar su sede al Parque Empresarial T\u00e1ctica, en Paterna (Valencia) a finales del a\u00f1o 2024.","robots":{"index":"index","follow":"follow","max-snippet":"max-snippet:-1","max-image-preview":"max-image-preview:large","max-video-preview":"max-video-preview:-1"},"canonical":"https:\/\/inmoking.com\/actualidad\/saclima-solar-fotovoltaica-invertira-mas-de-12-millones-en-sus-nuevas-instalaciones-del-parque-empresarial-tactica-de-paterna\/","og_locale":"es_ES","og_type":"article","og_title":"Saclima invertir\u00e1 mas de 12M en sus nuevas instalaciones","og_description":"Saclima Solar Fotovoltaica prev\u00e9 trasladar su sede al Parque Empresarial T\u00e1ctica, en Paterna (Valencia) a finales del a\u00f1o 2024.","og_url":"https:\/\/inmoking.com\/actualidad\/saclima-solar-fotovoltaica-invertira-mas-de-12-millones-en-sus-nuevas-instalaciones-del-parque-empresarial-tactica-de-paterna\/","og_site_name":"Actualidad Inmoking","article_published_time":"2023-04-12T09:14:00+00:00","article_modified_time":"2023-04-25T09:23:26+00:00","og_image":[{"width":2048,"height":1152,"url":"https:\/\/inmoking.com\/actualidad\/wp-content\/uploads\/2023\/04\/saclima.jpg","type":"image\/jpeg"}],"author":"inmoking","twitter_card":"summary_large_image","twitter_misc":{"Escrito por":"inmoking","Tiempo de lectura":"2 minutos"},"schema":{"@context":"https:\/\/schema.org","@graph":[{"@type":"Article","@id":"https:\/\/inmoking.com\/actualidad\/saclima-solar-fotovoltaica-invertira-mas-de-12-millones-en-sus-nuevas-instalaciones-del-parque-empresarial-tactica-de-paterna\/#article","isPartOf":{"@id":"https:\/\/inmoking.com\/actualidad\/saclima-solar-fotovoltaica-invertira-mas-de-12-millones-en-sus-nuevas-instalaciones-del-parque-empresarial-tactica-de-paterna\/"},"author":{"name":"inmoking","@id":"https:\/\/inmoking.com\/actualidad\/#\/schema\/person\/14cf29860202c36f88f0a45a5c201335"},"headline":"Saclima Solar Fotovoltaica invertir\u00e1 m\u00e1s de 12 millones en sus nuevas instalaciones del parque empresarial T\u00e1ctica de Paterna","datePublished":"2023-04-12T09:14:00+00:00","dateModified":"2023-04-25T09:23:26+00:00","mainEntityOfPage":{"@id":"https:\/\/inmoking.com\/actualidad\/saclima-solar-fotovoltaica-invertira-mas-de-12-millones-en-sus-nuevas-instalaciones-del-parque-empresarial-tactica-de-paterna\/"},"wordCount":275,"publisher":{"@id":"https:\/\/inmoking.com\/actualidad\/#organization"},"image":{"@id":"https:\/\/inmoking.com\/actualidad\/saclima-solar-fotovoltaica-invertira-mas-de-12-millones-en-sus-nuevas-instalaciones-del-parque-empresarial-tactica-de-paterna\/#primaryimage"},"thumbnailUrl":"https:\/\/inmoking.com\/actualidad\/wp-content\/uploads\/2023\/04\/saclima.jpg","articleSection":["An\u00e1lisis de expertos","Industria y Log\u00edstica","Noticias"],"inLanguage":"es"},{"@type":"WebPage","@id":"https:\/\/inmoking.com\/actualidad\/saclima-solar-fotovoltaica-invertira-mas-de-12-millones-en-sus-nuevas-instalaciones-del-parque-empresarial-tactica-de-paterna\/","url":"https:\/\/inmoking.com\/actualidad\/saclima-solar-fotovoltaica-invertira-mas-de-12-millones-en-sus-nuevas-instalaciones-del-parque-empresarial-tactica-de-paterna\/","name":"Saclima invertir\u00e1 mas de 12M en sus nuevas instalaciones","isPartOf":{"@id":"https:\/\/inmoking.com\/actualidad\/#website"},"primaryImageOfPage":{"@id":"https:\/\/inmoking.com\/actualidad\/saclima-solar-fotovoltaica-invertira-mas-de-12-millones-en-sus-nuevas-instalaciones-del-parque-empresarial-tactica-de-paterna\/#primaryimage"},"image":{"@id":"https:\/\/inmoking.com\/actualidad\/saclima-solar-fotovoltaica-invertira-mas-de-12-millones-en-sus-nuevas-instalaciones-del-parque-empresarial-tactica-de-paterna\/#primaryimage"},"thumbnailUrl":"https:\/\/inmoking.com\/actualidad\/wp-content\/uploads\/2023\/04\/saclima.jpg","datePublished":"2023-04-12T09:14:00+00:00","dateModified":"2023-04-25T09:23:26+00:00","description":"Saclima Solar Fotovoltaica prev\u00e9 trasladar su sede al Parque Empresarial T\u00e1ctica, en Paterna (Valencia) a finales del a\u00f1o 2024.","inLanguage":"es","potentialAction":[{"@type":"ReadAction","target":["https:\/\/inmoking.com\/actualidad\/saclima-solar-fotovoltaica-invertira-mas-de-12-millones-en-sus-nuevas-instalaciones-del-parque-empresarial-tactica-de-paterna\/"]}]},{"@type":"ImageObject","inLanguage":"es","@id":"https:\/\/inmoking.com\/actualidad\/saclima-solar-fotovoltaica-invertira-mas-de-12-millones-en-sus-nuevas-instalaciones-del-parque-empresarial-tactica-de-paterna\/#primaryimage","url":"https:\/\/inmoking.com\/actualidad\/wp-content\/uploads\/2023\/04\/saclima.jpg","contentUrl":"https:\/\/inmoking.com\/actualidad\/wp-content\/uploads\/2023\/04\/saclima.jpg","width":2048,"height":1152,"caption":"nuevas instalaciones saclima"},{"@type":"WebSite","@id":"https:\/\/inmoking.com\/actualidad\/#website","url":"https:\/\/inmoking.com\/actualidad\/","name":"Actualidad Inmoking","description":"Blog sector inmobiliario de Inmoking Real Estate","publisher":{"@id":"https:\/\/inmoking.com\/actualidad\/#organization"},"potentialAction":[{"@type":"SearchAction","target":{"@type":"EntryPoint","urlTemplate":"https:\/\/inmoking.com\/actualidad\/?s={search_term_string}"},"query-input":{"@type":"PropertyValueSpecification","valueRequired":true,"valueName":"search_term_string"}}],"inLanguage":"es"},{"@type":"Organization","@id":"https:\/\/inmoking.com\/actualidad\/#organization","name":"Actualidad Inmoking","url":"https:\/\/inmoking.com\/actualidad\/","logo":{"@type":"ImageObject","inLanguage":"es","@id":"https:\/\/inmoking.com\/actualidad\/#\/schema\/logo\/image\/","url":"https:\/\/inmoking.com\/actualidad\/wp-content\/uploads\/2021\/09\/logo-inmoking.png","contentUrl":"https:\/\/inmoking.com\/actualidad\/wp-content\/uploads\/2021\/09\/logo-inmoking.png","width":360,"height":58,"caption":"Actualidad Inmoking"},"image":{"@id":"https:\/\/inmoking.com\/actualidad\/#\/schema\/logo\/image\/"}},{"@type":"Person","@id":"https:\/\/inmoking.com\/actualidad\/#\/schema\/person\/14cf29860202c36f88f0a45a5c201335","name":"inmoking","image":{"@type":"ImageObject","inLanguage":"es","@id":"https:\/\/secure.gravatar.com\/avatar\/1f1809877ea8af7f9f97d3c51a9e7b3c8274c8c24cbe33702167a88a0413bdd5?s=96&d=mm&r=g","url":"https:\/\/secure.gravatar.com\/avatar\/1f1809877ea8af7f9f97d3c51a9e7b3c8274c8c24cbe33702167a88a0413bdd5?s=96&d=mm&r=g","contentUrl":"https:\/\/secure.gravatar.com\/avatar\/1f1809877ea8af7f9f97d3c51a9e7b3c8274c8c24cbe33702167a88a0413bdd5?s=96&d=mm&r=g","caption":"inmoking"},"sameAs":["https:\/\/www.inmoking.com\/actualidad"],"url":"https:\/\/inmoking.com\/actualidad\/author\/inmoking\/"}]}},"_links":{"self":[{"href":"https:\/\/inmoking.com\/actualidad\/wp-json\/wp\/v2\/posts\/36779","targetHints":{"allow":["GET"]}}],"collection":[{"href":"https:\/\/inmoking.com\/actualidad\/wp-json\/wp\/v2\/posts"}],"about":[{"href":"https:\/\/inmoking.com\/actualidad\/wp-json\/wp\/v2\/types\/post"}],"author":[{"embeddable":true,"href":"https:\/\/inmoking.com\/actualidad\/wp-json\/wp\/v2\/users\/1"}],"replies":[{"embeddable":true,"href":"https:\/\/inmoking.com\/actualidad\/wp-json\/wp\/v2\/comments?post=36779"}],"version-history":[{"count":1,"href":"https:\/\/inmoking.com\/actualidad\/wp-json\/wp\/v2\/posts\/36779\/revisions"}],"predecessor-version":[{"id":36781,"href":"https:\/\/inmoking.com\/actualidad\/wp-json\/wp\/v2\/posts\/36779\/revisions\/36781"}],"wp:featuredmedia":[{"embeddable":true,"href":"https:\/\/inmoking.com\/actualidad\/wp-json\/wp\/v2\/media\/36780"}],"wp:attachment":[{"href":"https:\/\/inmoking.com\/actualidad\/wp-json\/wp\/v2\/media?parent=36779"}],"wp:term":[{"taxonomy":"category","embeddable":true,"href":"https:\/\/inmoking.com\/actualidad\/wp-json\/wp\/v2\/categories?post=36779"},{"taxonomy":"post_tag","embeddable":true,"href":"https:\/\/inmoking.com\/actualidad\/wp-json\/wp\/v2\/tags?post=36779"}],"curies":[{"name":"wp","href":"https:\/\/api.w.org\/{rel}","templated":true}]}}