{"id":36400,"date":"2021-09-30T10:44:03","date_gmt":"2021-09-30T08:44:03","guid":{"rendered":"https:\/\/inmoking.com\/actualidad\/?p=36400"},"modified":"2021-09-30T10:44:04","modified_gmt":"2021-09-30T08:44:04","slug":"maxcolchon-alquila-una-nave-industrial-de-galil-capital-en-valencia","status":"publish","type":"post","link":"https:\/\/inmoking.com\/actualidad\/maxcolchon-alquila-una-nave-industrial-de-galil-capital-en-valencia\/","title":{"rendered":"Maxcolchon alquila una nave industrial de Galil Capital en Valencia"},"content":{"rendered":"\n<p><a href=\"https:\/\/www.maxcolchon.com\/\" target=\"_blank\" rel=\"noreferrer noopener\">Maxcolchon<\/a>, el fabricante y distribuidor de productos para el descanso valenciano, ampliar\u00e1 su capacidad de producci\u00f3n con una nave industrial de 13.557 metros cuadrados en N\u00e1quera, Valencia que va a empezar a utilizar este octubre.<\/p>\n\n\n\n<p>El inmueble, propiedad de <a href=\"https:\/\/www.galilcapital.es\/\" target=\"_blank\" rel=\"noreferrer noopener\">Galil Capital RE Spain Socimi, S.A<\/a> est\u00e1 ubicado en P.Ind. Los Vientos de N\u00e1quera y forma parte de un complejo de una superficie construida total de aproximadamente 52.103 metros cuadrados sobre una parcela de 83.749 metros cuadrados. La nave se encuentra en la primera corona log\u00edstica de Valencia, a pie de la Autov\u00eda AP7 (bypass), en una zona consolidada y demandada por parte de empresas de m\u00faltiples sectores. Las caracter\u00edsticas de la nave, con amplios patios de maniobra, superficie de almacenamiento di\u00e1fana, gran altura y oficinas, la convierten en un entorno id\u00f3neo para grandes operativas de producci\u00f3n, almacenamiento y distribuci\u00f3n.<\/p>\n\n\n\n<p>Maxcolchon arrendar\u00e1 el activo a trav\u00e9s de la sociedad industrial Comotex, con previsi\u00f3n de reforzar su producci\u00f3n de equipamiento para el descanso, invirtiendo m\u00e1s de 1M\u20ac en la nueva implantaci\u00f3n. La operaci\u00f3n ha sido asesorada por <a href=\"https:\/\/www.cbre.es\/es-es\/\" target=\"_blank\" rel=\"noreferrer noopener\">CBRE <\/a>e INMOKING y es una de\u00a0 las mayores operaci\u00f3n registradas este a\u00f1o en el sector industrial en la provincia. Valencia registr\u00f3 un \u00edndice de contrataci\u00f3n log\u00edstica de 127.100 metros cuadrados en el primer semestre del a\u00f1o, s\u00f3lo superado por Barcelona y Madrid.<\/p>\n\n\n\n<p>Galil Capital, se fund\u00f3 en diciembre de 2015 por Jerry Zwi Mandel, el Presidente del Consejo de Administraci\u00f3n, y su actividad principal es la de invertir en inmuebles en Espa\u00f1a y su posterior administraci\u00f3n. Las principales inversiones de la compa\u00f1\u00eda se centran en activos residenciales en Barcelona y Madrid, formando un portfolio valorado en entre 50-60 M\u20ac.<\/p>\n","protected":false},"excerpt":{"rendered":"<p>Maxcolchon, el fabricante y distribuidor de productos para el descanso valenciano, ampliar\u00e1 su capacidad de producci\u00f3n con una nave industrial de 13.557 metros cuadrados en N\u00e1quera, Valencia que va a empezar a utilizar este octubre. El inmueble, propiedad de Galil Capital RE Spain Socimi, S.A est\u00e1 ubicado en P.Ind. Los Vientos de N\u00e1quera y forma&hellip; <a class=\"more-link\" href=\"https:\/\/inmoking.com\/actualidad\/maxcolchon-alquila-una-nave-industrial-de-galil-capital-en-valencia\/\">Seguir leyendo <span class=\"screen-reader-text\">Maxcolchon alquila una nave industrial de Galil Capital en Valencia<\/span><\/a><\/p>\n","protected":false},"author":1,"featured_media":36401,"comment_status":"closed","ping_status":"closed","sticky":false,"template":"","format":"standard","meta":{"footnotes":""},"categories":[6],"tags":[],"class_list":["post-36400","post","type-post","status-publish","format-standard","has-post-thumbnail","hentry","category-noticias-inmoking","entry"],"yoast_head":"<!-- This site is optimized with the Yoast SEO plugin v27.4 - https:\/\/yoast.com\/product\/yoast-seo-wordpress\/ -->\n<title>Maxcolchon alquila nave industrial de Galil Capital- Actualidad Inmoking<\/title>\n<meta name=\"description\" content=\"Maxcolchon alquila una nave industrial de 13.557 metros cuadrados en N\u00e1quera, Valencia que va a empezar a utilizar este octubre.\" \/>\n<meta name=\"robots\" content=\"index, follow, max-snippet:-1, max-image-preview:large, max-video-preview:-1\" \/>\n<link rel=\"canonical\" href=\"https:\/\/inmoking.com\/actualidad\/maxcolchon-alquila-una-nave-industrial-de-galil-capital-en-valencia\/\" \/>\n<meta property=\"og:locale\" content=\"es_ES\" \/>\n<meta property=\"og:type\" content=\"article\" \/>\n<meta property=\"og:title\" content=\"Maxcolchon alquila nave industrial de Galil Capital- Actualidad Inmoking\" \/>\n<meta property=\"og:description\" content=\"Maxcolchon alquila una nave industrial de 13.557 metros cuadrados en N\u00e1quera, Valencia que va a empezar a utilizar este octubre.\" \/>\n<meta property=\"og:url\" content=\"https:\/\/inmoking.com\/actualidad\/maxcolchon-alquila-una-nave-industrial-de-galil-capital-en-valencia\/\" \/>\n<meta property=\"og:site_name\" content=\"Actualidad Inmoking\" \/>\n<meta property=\"article:published_time\" content=\"2021-09-30T08:44:03+00:00\" \/>\n<meta property=\"article:modified_time\" content=\"2021-09-30T08:44:04+00:00\" \/>\n<meta property=\"og:image\" content=\"https:\/\/inmoking.com\/actualidad\/wp-content\/uploads\/2021\/09\/foto-naquera-galil-scaled.jpg\" \/>\n\t<meta property=\"og:image:width\" content=\"2560\" \/>\n\t<meta property=\"og:image:height\" content=\"1920\" \/>\n\t<meta property=\"og:image:type\" content=\"image\/jpeg\" \/>\n<meta name=\"author\" content=\"inmoking\" \/>\n<meta name=\"twitter:card\" content=\"summary_large_image\" \/>\n<meta name=\"twitter:label1\" content=\"Escrito por\" \/>\n\t<meta name=\"twitter:data1\" content=\"inmoking\" \/>\n\t<meta name=\"twitter:label2\" content=\"Tiempo de lectura\" \/>\n\t<meta name=\"twitter:data2\" content=\"2 minutos\" \/>\n<script type=\"application\/ld+json\" class=\"yoast-schema-graph\">{\"@context\":\"https:\\\/\\\/schema.org\",\"@graph\":[{\"@type\":\"Article\",\"@id\":\"https:\\\/\\\/inmoking.com\\\/actualidad\\\/maxcolchon-alquila-una-nave-industrial-de-galil-capital-en-valencia\\\/#article\",\"isPartOf\":{\"@id\":\"https:\\\/\\\/inmoking.com\\\/actualidad\\\/maxcolchon-alquila-una-nave-industrial-de-galil-capital-en-valencia\\\/\"},\"author\":{\"name\":\"inmoking\",\"@id\":\"https:\\\/\\\/inmoking.com\\\/actualidad\\\/#\\\/schema\\\/person\\\/14cf29860202c36f88f0a45a5c201335\"},\"headline\":\"Maxcolchon alquila una nave industrial de Galil Capital en Valencia\",\"datePublished\":\"2021-09-30T08:44:03+00:00\",\"dateModified\":\"2021-09-30T08:44:04+00:00\",\"mainEntityOfPage\":{\"@id\":\"https:\\\/\\\/inmoking.com\\\/actualidad\\\/maxcolchon-alquila-una-nave-industrial-de-galil-capital-en-valencia\\\/\"},\"wordCount\":309,\"publisher\":{\"@id\":\"https:\\\/\\\/inmoking.com\\\/actualidad\\\/#organization\"},\"image\":{\"@id\":\"https:\\\/\\\/inmoking.com\\\/actualidad\\\/maxcolchon-alquila-una-nave-industrial-de-galil-capital-en-valencia\\\/#primaryimage\"},\"thumbnailUrl\":\"https:\\\/\\\/inmoking.com\\\/actualidad\\\/wp-content\\\/uploads\\\/2021\\\/09\\\/foto-naquera-galil-scaled.jpg\",\"articleSection\":[\"Noticias\"],\"inLanguage\":\"es\"},{\"@type\":\"WebPage\",\"@id\":\"https:\\\/\\\/inmoking.com\\\/actualidad\\\/maxcolchon-alquila-una-nave-industrial-de-galil-capital-en-valencia\\\/\",\"url\":\"https:\\\/\\\/inmoking.com\\\/actualidad\\\/maxcolchon-alquila-una-nave-industrial-de-galil-capital-en-valencia\\\/\",\"name\":\"Maxcolchon alquila nave industrial de Galil Capital- Actualidad Inmoking\",\"isPartOf\":{\"@id\":\"https:\\\/\\\/inmoking.com\\\/actualidad\\\/#website\"},\"primaryImageOfPage\":{\"@id\":\"https:\\\/\\\/inmoking.com\\\/actualidad\\\/maxcolchon-alquila-una-nave-industrial-de-galil-capital-en-valencia\\\/#primaryimage\"},\"image\":{\"@id\":\"https:\\\/\\\/inmoking.com\\\/actualidad\\\/maxcolchon-alquila-una-nave-industrial-de-galil-capital-en-valencia\\\/#primaryimage\"},\"thumbnailUrl\":\"https:\\\/\\\/inmoking.com\\\/actualidad\\\/wp-content\\\/uploads\\\/2021\\\/09\\\/foto-naquera-galil-scaled.jpg\",\"datePublished\":\"2021-09-30T08:44:03+00:00\",\"dateModified\":\"2021-09-30T08:44:04+00:00\",\"description\":\"Maxcolchon alquila una nave industrial de 13.557 metros cuadrados en N\u00e1quera, Valencia que va a empezar a utilizar este octubre.\",\"inLanguage\":\"es\",\"potentialAction\":[{\"@type\":\"ReadAction\",\"target\":[\"https:\\\/\\\/inmoking.com\\\/actualidad\\\/maxcolchon-alquila-una-nave-industrial-de-galil-capital-en-valencia\\\/\"]}]},{\"@type\":\"ImageObject\",\"inLanguage\":\"es\",\"@id\":\"https:\\\/\\\/inmoking.com\\\/actualidad\\\/maxcolchon-alquila-una-nave-industrial-de-galil-capital-en-valencia\\\/#primaryimage\",\"url\":\"https:\\\/\\\/inmoking.com\\\/actualidad\\\/wp-content\\\/uploads\\\/2021\\\/09\\\/foto-naquera-galil-scaled.jpg\",\"contentUrl\":\"https:\\\/\\\/inmoking.com\\\/actualidad\\\/wp-content\\\/uploads\\\/2021\\\/09\\\/foto-naquera-galil-scaled.jpg\",\"width\":2560,\"height\":1920,\"caption\":\"Maxcolchon alquila nave industrial de Galil Capital\"},{\"@type\":\"WebSite\",\"@id\":\"https:\\\/\\\/inmoking.com\\\/actualidad\\\/#website\",\"url\":\"https:\\\/\\\/inmoking.com\\\/actualidad\\\/\",\"name\":\"Actualidad Inmoking\",\"description\":\"Blog sector inmobiliario de Inmoking Real Estate\",\"publisher\":{\"@id\":\"https:\\\/\\\/inmoking.com\\\/actualidad\\\/#organization\"},\"potentialAction\":[{\"@type\":\"SearchAction\",\"target\":{\"@type\":\"EntryPoint\",\"urlTemplate\":\"https:\\\/\\\/inmoking.com\\\/actualidad\\\/?s={search_term_string}\"},\"query-input\":{\"@type\":\"PropertyValueSpecification\",\"valueRequired\":true,\"valueName\":\"search_term_string\"}}],\"inLanguage\":\"es\"},{\"@type\":\"Organization\",\"@id\":\"https:\\\/\\\/inmoking.com\\\/actualidad\\\/#organization\",\"name\":\"Actualidad Inmoking\",\"url\":\"https:\\\/\\\/inmoking.com\\\/actualidad\\\/\",\"logo\":{\"@type\":\"ImageObject\",\"inLanguage\":\"es\",\"@id\":\"https:\\\/\\\/inmoking.com\\\/actualidad\\\/#\\\/schema\\\/logo\\\/image\\\/\",\"url\":\"https:\\\/\\\/inmoking.com\\\/actualidad\\\/wp-content\\\/uploads\\\/2021\\\/09\\\/logo-inmoking.png\",\"contentUrl\":\"https:\\\/\\\/inmoking.com\\\/actualidad\\\/wp-content\\\/uploads\\\/2021\\\/09\\\/logo-inmoking.png\",\"width\":360,\"height\":58,\"caption\":\"Actualidad Inmoking\"},\"image\":{\"@id\":\"https:\\\/\\\/inmoking.com\\\/actualidad\\\/#\\\/schema\\\/logo\\\/image\\\/\"}},{\"@type\":\"Person\",\"@id\":\"https:\\\/\\\/inmoking.com\\\/actualidad\\\/#\\\/schema\\\/person\\\/14cf29860202c36f88f0a45a5c201335\",\"name\":\"inmoking\",\"image\":{\"@type\":\"ImageObject\",\"inLanguage\":\"es\",\"@id\":\"https:\\\/\\\/secure.gravatar.com\\\/avatar\\\/1f1809877ea8af7f9f97d3c51a9e7b3c8274c8c24cbe33702167a88a0413bdd5?s=96&d=mm&r=g\",\"url\":\"https:\\\/\\\/secure.gravatar.com\\\/avatar\\\/1f1809877ea8af7f9f97d3c51a9e7b3c8274c8c24cbe33702167a88a0413bdd5?s=96&d=mm&r=g\",\"contentUrl\":\"https:\\\/\\\/secure.gravatar.com\\\/avatar\\\/1f1809877ea8af7f9f97d3c51a9e7b3c8274c8c24cbe33702167a88a0413bdd5?s=96&d=mm&r=g\",\"caption\":\"inmoking\"},\"sameAs\":[\"https:\\\/\\\/www.inmoking.com\\\/actualidad\"],\"url\":\"https:\\\/\\\/inmoking.com\\\/actualidad\\\/author\\\/inmoking\\\/\"}]}<\/script>\n<!-- \/ Yoast SEO plugin. -->","yoast_head_json":{"title":"Maxcolchon alquila nave industrial de Galil Capital- Actualidad Inmoking","description":"Maxcolchon alquila una nave industrial de 13.557 metros cuadrados en N\u00e1quera, Valencia que va a empezar a utilizar este octubre.","robots":{"index":"index","follow":"follow","max-snippet":"max-snippet:-1","max-image-preview":"max-image-preview:large","max-video-preview":"max-video-preview:-1"},"canonical":"https:\/\/inmoking.com\/actualidad\/maxcolchon-alquila-una-nave-industrial-de-galil-capital-en-valencia\/","og_locale":"es_ES","og_type":"article","og_title":"Maxcolchon alquila nave industrial de Galil Capital- Actualidad Inmoking","og_description":"Maxcolchon alquila una nave industrial de 13.557 metros cuadrados en N\u00e1quera, Valencia que va a empezar a utilizar este octubre.","og_url":"https:\/\/inmoking.com\/actualidad\/maxcolchon-alquila-una-nave-industrial-de-galil-capital-en-valencia\/","og_site_name":"Actualidad Inmoking","article_published_time":"2021-09-30T08:44:03+00:00","article_modified_time":"2021-09-30T08:44:04+00:00","og_image":[{"width":2560,"height":1920,"url":"https:\/\/inmoking.com\/actualidad\/wp-content\/uploads\/2021\/09\/foto-naquera-galil-scaled.jpg","type":"image\/jpeg"}],"author":"inmoking","twitter_card":"summary_large_image","twitter_misc":{"Escrito por":"inmoking","Tiempo de lectura":"2 minutos"},"schema":{"@context":"https:\/\/schema.org","@graph":[{"@type":"Article","@id":"https:\/\/inmoking.com\/actualidad\/maxcolchon-alquila-una-nave-industrial-de-galil-capital-en-valencia\/#article","isPartOf":{"@id":"https:\/\/inmoking.com\/actualidad\/maxcolchon-alquila-una-nave-industrial-de-galil-capital-en-valencia\/"},"author":{"name":"inmoking","@id":"https:\/\/inmoking.com\/actualidad\/#\/schema\/person\/14cf29860202c36f88f0a45a5c201335"},"headline":"Maxcolchon alquila una nave industrial de Galil Capital en Valencia","datePublished":"2021-09-30T08:44:03+00:00","dateModified":"2021-09-30T08:44:04+00:00","mainEntityOfPage":{"@id":"https:\/\/inmoking.com\/actualidad\/maxcolchon-alquila-una-nave-industrial-de-galil-capital-en-valencia\/"},"wordCount":309,"publisher":{"@id":"https:\/\/inmoking.com\/actualidad\/#organization"},"image":{"@id":"https:\/\/inmoking.com\/actualidad\/maxcolchon-alquila-una-nave-industrial-de-galil-capital-en-valencia\/#primaryimage"},"thumbnailUrl":"https:\/\/inmoking.com\/actualidad\/wp-content\/uploads\/2021\/09\/foto-naquera-galil-scaled.jpg","articleSection":["Noticias"],"inLanguage":"es"},{"@type":"WebPage","@id":"https:\/\/inmoking.com\/actualidad\/maxcolchon-alquila-una-nave-industrial-de-galil-capital-en-valencia\/","url":"https:\/\/inmoking.com\/actualidad\/maxcolchon-alquila-una-nave-industrial-de-galil-capital-en-valencia\/","name":"Maxcolchon alquila nave industrial de Galil Capital- Actualidad Inmoking","isPartOf":{"@id":"https:\/\/inmoking.com\/actualidad\/#website"},"primaryImageOfPage":{"@id":"https:\/\/inmoking.com\/actualidad\/maxcolchon-alquila-una-nave-industrial-de-galil-capital-en-valencia\/#primaryimage"},"image":{"@id":"https:\/\/inmoking.com\/actualidad\/maxcolchon-alquila-una-nave-industrial-de-galil-capital-en-valencia\/#primaryimage"},"thumbnailUrl":"https:\/\/inmoking.com\/actualidad\/wp-content\/uploads\/2021\/09\/foto-naquera-galil-scaled.jpg","datePublished":"2021-09-30T08:44:03+00:00","dateModified":"2021-09-30T08:44:04+00:00","description":"Maxcolchon alquila una nave industrial de 13.557 metros cuadrados en N\u00e1quera, Valencia que va a empezar a utilizar este octubre.","inLanguage":"es","potentialAction":[{"@type":"ReadAction","target":["https:\/\/inmoking.com\/actualidad\/maxcolchon-alquila-una-nave-industrial-de-galil-capital-en-valencia\/"]}]},{"@type":"ImageObject","inLanguage":"es","@id":"https:\/\/inmoking.com\/actualidad\/maxcolchon-alquila-una-nave-industrial-de-galil-capital-en-valencia\/#primaryimage","url":"https:\/\/inmoking.com\/actualidad\/wp-content\/uploads\/2021\/09\/foto-naquera-galil-scaled.jpg","contentUrl":"https:\/\/inmoking.com\/actualidad\/wp-content\/uploads\/2021\/09\/foto-naquera-galil-scaled.jpg","width":2560,"height":1920,"caption":"Maxcolchon alquila nave industrial de Galil Capital"},{"@type":"WebSite","@id":"https:\/\/inmoking.com\/actualidad\/#website","url":"https:\/\/inmoking.com\/actualidad\/","name":"Actualidad Inmoking","description":"Blog sector inmobiliario de Inmoking Real Estate","publisher":{"@id":"https:\/\/inmoking.com\/actualidad\/#organization"},"potentialAction":[{"@type":"SearchAction","target":{"@type":"EntryPoint","urlTemplate":"https:\/\/inmoking.com\/actualidad\/?s={search_term_string}"},"query-input":{"@type":"PropertyValueSpecification","valueRequired":true,"valueName":"search_term_string"}}],"inLanguage":"es"},{"@type":"Organization","@id":"https:\/\/inmoking.com\/actualidad\/#organization","name":"Actualidad Inmoking","url":"https:\/\/inmoking.com\/actualidad\/","logo":{"@type":"ImageObject","inLanguage":"es","@id":"https:\/\/inmoking.com\/actualidad\/#\/schema\/logo\/image\/","url":"https:\/\/inmoking.com\/actualidad\/wp-content\/uploads\/2021\/09\/logo-inmoking.png","contentUrl":"https:\/\/inmoking.com\/actualidad\/wp-content\/uploads\/2021\/09\/logo-inmoking.png","width":360,"height":58,"caption":"Actualidad Inmoking"},"image":{"@id":"https:\/\/inmoking.com\/actualidad\/#\/schema\/logo\/image\/"}},{"@type":"Person","@id":"https:\/\/inmoking.com\/actualidad\/#\/schema\/person\/14cf29860202c36f88f0a45a5c201335","name":"inmoking","image":{"@type":"ImageObject","inLanguage":"es","@id":"https:\/\/secure.gravatar.com\/avatar\/1f1809877ea8af7f9f97d3c51a9e7b3c8274c8c24cbe33702167a88a0413bdd5?s=96&d=mm&r=g","url":"https:\/\/secure.gravatar.com\/avatar\/1f1809877ea8af7f9f97d3c51a9e7b3c8274c8c24cbe33702167a88a0413bdd5?s=96&d=mm&r=g","contentUrl":"https:\/\/secure.gravatar.com\/avatar\/1f1809877ea8af7f9f97d3c51a9e7b3c8274c8c24cbe33702167a88a0413bdd5?s=96&d=mm&r=g","caption":"inmoking"},"sameAs":["https:\/\/www.inmoking.com\/actualidad"],"url":"https:\/\/inmoking.com\/actualidad\/author\/inmoking\/"}]}},"_links":{"self":[{"href":"https:\/\/inmoking.com\/actualidad\/wp-json\/wp\/v2\/posts\/36400","targetHints":{"allow":["GET"]}}],"collection":[{"href":"https:\/\/inmoking.com\/actualidad\/wp-json\/wp\/v2\/posts"}],"about":[{"href":"https:\/\/inmoking.com\/actualidad\/wp-json\/wp\/v2\/types\/post"}],"author":[{"embeddable":true,"href":"https:\/\/inmoking.com\/actualidad\/wp-json\/wp\/v2\/users\/1"}],"replies":[{"embeddable":true,"href":"https:\/\/inmoking.com\/actualidad\/wp-json\/wp\/v2\/comments?post=36400"}],"version-history":[{"count":1,"href":"https:\/\/inmoking.com\/actualidad\/wp-json\/wp\/v2\/posts\/36400\/revisions"}],"predecessor-version":[{"id":36402,"href":"https:\/\/inmoking.com\/actualidad\/wp-json\/wp\/v2\/posts\/36400\/revisions\/36402"}],"wp:featuredmedia":[{"embeddable":true,"href":"https:\/\/inmoking.com\/actualidad\/wp-json\/wp\/v2\/media\/36401"}],"wp:attachment":[{"href":"https:\/\/inmoking.com\/actualidad\/wp-json\/wp\/v2\/media?parent=36400"}],"wp:term":[{"taxonomy":"category","embeddable":true,"href":"https:\/\/inmoking.com\/actualidad\/wp-json\/wp\/v2\/categories?post=36400"},{"taxonomy":"post_tag","embeddable":true,"href":"https:\/\/inmoking.com\/actualidad\/wp-json\/wp\/v2\/tags?post=36400"}],"curies":[{"name":"wp","href":"https:\/\/api.w.org\/{rel}","templated":true}]}}