{"id":22176,"date":"2018-05-02T08:54:18","date_gmt":"2018-05-02T07:54:18","guid":{"rendered":"http:\/\/www.inmoking.com\/?p=22176"},"modified":"2018-05-02T08:54:18","modified_gmt":"2018-05-02T07:54:18","slug":"teresa-serrano-nueva-directora-retail-parques-comerciales-inmoking","status":"publish","type":"post","link":"https:\/\/inmoking.com\/actualidad\/teresa-serrano-nueva-directora-retail-parques-comerciales-inmoking\/","title":{"rendered":"Teresa Serrano nueva directora de Retail y Parques comerciales de InmoKing"},"content":{"rendered":"<p><strong>Teresa Serrano nueva directora de Retail y Parques comerciales de InmoKing:<\/strong><\/p>\n<p><strong>InmoKing Real Estate<\/strong>, compa\u00f1\u00eda de <em>consultor\u00eda y servicios inmobiliarios<\/em>, ha anunciado hoy el nombramiento de <strong>Teresa Serrano<\/strong>, como nueva <strong>Directora del Departamento de Retail y Parques Comerciales<\/strong> de la compa\u00f1\u00eda.<\/p>\n<p>Ha dedicado 18 a\u00f1os al sector inmobiliario, con experiencia contrastada en residencial, retail, oficinas y con alta especializaci\u00f3n en la comercializaci\u00f3n de parques de medianas y centros comerciales.<\/p>\n<p>La nueva incorporaci\u00f3n de InmoKing formaba parte desde hace dos a\u00f1os y hasta el momento, de la consultora WIT RETAIL, que ejerce como Project manager y comercializadora de los desarrollos comerciales de LAR Espa\u00f1a y Kronos Investment Group.<\/p>\n<p>Teresa Serrano es Licencia en Historia del Arte por la Universidad de Valencia y Master en Urbanismo, Valoraciones y Marketing Inmobiliario por la Universidad CEU San Pablo.<\/p>\n<p>Desde la Direcci\u00f3n General de<a href=\"https:\/\/www.inmoking.com\/\"> InmoKing Real Estate<\/a>, con motivo de esta nueva incorporaci\u00f3n comentan que <em>\u201cSeguimos apostando por incorporar talento contrastado que nos ayude a ofrecer un servicio de mayor calidad a nuestros clientes\u201d<\/em>.<\/p>\n","protected":false},"excerpt":{"rendered":"<p>Teresa Serrano nueva directora de Retail y Parques comerciales de InmoKing: InmoKing Real Estate, compa\u00f1\u00eda de consultor\u00eda y servicios inmobiliarios, ha anunciado hoy el nombramiento de Teresa Serrano, como nueva Directora del Departamento de Retail y Parques Comerciales de la compa\u00f1\u00eda. Ha dedicado 18 a\u00f1os al sector inmobiliario, con experiencia contrastada en residencial, retail, oficinas&hellip; <a class=\"more-link\" href=\"https:\/\/inmoking.com\/actualidad\/teresa-serrano-nueva-directora-retail-parques-comerciales-inmoking\/\">Seguir leyendo <span class=\"screen-reader-text\">Teresa Serrano nueva directora de Retail y Parques comerciales de InmoKing<\/span><\/a><\/p>\n","protected":false},"author":1,"featured_media":22179,"comment_status":"open","ping_status":"closed","sticky":false,"template":"","format":"standard","meta":{"footnotes":""},"categories":[6],"tags":[],"class_list":["post-22176","post","type-post","status-publish","format-standard","has-post-thumbnail","hentry","category-noticias-inmoking","entry"],"yoast_head":"<!-- This site is optimized with the Yoast SEO plugin v27.4 - https:\/\/yoast.com\/product\/yoast-seo-wordpress\/ -->\n<title>Teresa Serrano nueva directora de Retail y Parques comerciales de InmoKing - Actualidad Inmoking<\/title>\n<meta name=\"description\" content=\"Teresa Serrano nueva directora de Retail y Parques comerciales de InmoKing - Actualidad Inmoking\" \/>\n<meta name=\"robots\" content=\"index, follow, max-snippet:-1, max-image-preview:large, max-video-preview:-1\" \/>\n<link rel=\"canonical\" href=\"https:\/\/inmoking.com\/actualidad\/teresa-serrano-nueva-directora-retail-parques-comerciales-inmoking\/\" \/>\n<meta property=\"og:locale\" content=\"es_ES\" \/>\n<meta property=\"og:type\" content=\"article\" \/>\n<meta property=\"og:title\" content=\"Teresa Serrano nueva directora de Retail y Parques comerciales de InmoKing - Actualidad Inmoking\" \/>\n<meta property=\"og:description\" content=\"Teresa Serrano nueva directora de Retail y Parques comerciales de InmoKing - Actualidad Inmoking\" \/>\n<meta property=\"og:url\" content=\"https:\/\/inmoking.com\/actualidad\/teresa-serrano-nueva-directora-retail-parques-comerciales-inmoking\/\" \/>\n<meta property=\"og:site_name\" content=\"Actualidad Inmoking\" \/>\n<meta property=\"article:published_time\" content=\"2018-05-02T07:54:18+00:00\" \/>\n<meta property=\"og:image\" content=\"https:\/\/inmoking.com\/actualidad\/wp-content\/uploads\/2018\/05\/Teresa-Serrano-nueva-directora-Retail-y-Parques-comerciales-de-InmoKing-Real-Estate.jpg\" \/>\n\t<meta property=\"og:image:width\" content=\"900\" \/>\n\t<meta property=\"og:image:height\" content=\"600\" \/>\n\t<meta property=\"og:image:type\" content=\"image\/jpeg\" \/>\n<meta name=\"author\" content=\"inmoking\" \/>\n<meta name=\"twitter:card\" content=\"summary_large_image\" \/>\n<meta name=\"twitter:label1\" content=\"Escrito por\" \/>\n\t<meta name=\"twitter:data1\" content=\"inmoking\" \/>\n\t<meta name=\"twitter:label2\" content=\"Tiempo de lectura\" \/>\n\t<meta name=\"twitter:data2\" content=\"1 minuto\" \/>\n<script type=\"application\/ld+json\" class=\"yoast-schema-graph\">{\"@context\":\"https:\\\/\\\/schema.org\",\"@graph\":[{\"@type\":\"Article\",\"@id\":\"https:\\\/\\\/inmoking.com\\\/actualidad\\\/teresa-serrano-nueva-directora-retail-parques-comerciales-inmoking\\\/#article\",\"isPartOf\":{\"@id\":\"https:\\\/\\\/inmoking.com\\\/actualidad\\\/teresa-serrano-nueva-directora-retail-parques-comerciales-inmoking\\\/\"},\"author\":{\"name\":\"inmoking\",\"@id\":\"https:\\\/\\\/inmoking.com\\\/actualidad\\\/#\\\/schema\\\/person\\\/14cf29860202c36f88f0a45a5c201335\"},\"headline\":\"Teresa Serrano nueva directora de Retail y Parques comerciales de InmoKing\",\"datePublished\":\"2018-05-02T07:54:18+00:00\",\"mainEntityOfPage\":{\"@id\":\"https:\\\/\\\/inmoking.com\\\/actualidad\\\/teresa-serrano-nueva-directora-retail-parques-comerciales-inmoking\\\/\"},\"wordCount\":190,\"commentCount\":0,\"publisher\":{\"@id\":\"https:\\\/\\\/inmoking.com\\\/actualidad\\\/#organization\"},\"image\":{\"@id\":\"https:\\\/\\\/inmoking.com\\\/actualidad\\\/teresa-serrano-nueva-directora-retail-parques-comerciales-inmoking\\\/#primaryimage\"},\"thumbnailUrl\":\"https:\\\/\\\/inmoking.com\\\/actualidad\\\/wp-content\\\/uploads\\\/2018\\\/05\\\/Teresa-Serrano-nueva-directora-Retail-y-Parques-comerciales-de-InmoKing-Real-Estate.jpg\",\"articleSection\":[\"Noticias\"],\"inLanguage\":\"es\",\"potentialAction\":[{\"@type\":\"CommentAction\",\"name\":\"Comment\",\"target\":[\"https:\\\/\\\/inmoking.com\\\/actualidad\\\/teresa-serrano-nueva-directora-retail-parques-comerciales-inmoking\\\/#respond\"]}]},{\"@type\":\"WebPage\",\"@id\":\"https:\\\/\\\/inmoking.com\\\/actualidad\\\/teresa-serrano-nueva-directora-retail-parques-comerciales-inmoking\\\/\",\"url\":\"https:\\\/\\\/inmoking.com\\\/actualidad\\\/teresa-serrano-nueva-directora-retail-parques-comerciales-inmoking\\\/\",\"name\":\"Teresa Serrano nueva directora de Retail y Parques comerciales de InmoKing - Actualidad Inmoking\",\"isPartOf\":{\"@id\":\"https:\\\/\\\/inmoking.com\\\/actualidad\\\/#website\"},\"primaryImageOfPage\":{\"@id\":\"https:\\\/\\\/inmoking.com\\\/actualidad\\\/teresa-serrano-nueva-directora-retail-parques-comerciales-inmoking\\\/#primaryimage\"},\"image\":{\"@id\":\"https:\\\/\\\/inmoking.com\\\/actualidad\\\/teresa-serrano-nueva-directora-retail-parques-comerciales-inmoking\\\/#primaryimage\"},\"thumbnailUrl\":\"https:\\\/\\\/inmoking.com\\\/actualidad\\\/wp-content\\\/uploads\\\/2018\\\/05\\\/Teresa-Serrano-nueva-directora-Retail-y-Parques-comerciales-de-InmoKing-Real-Estate.jpg\",\"datePublished\":\"2018-05-02T07:54:18+00:00\",\"description\":\"Teresa Serrano nueva directora de Retail y Parques comerciales de InmoKing - Actualidad Inmoking\",\"inLanguage\":\"es\",\"potentialAction\":[{\"@type\":\"ReadAction\",\"target\":[\"https:\\\/\\\/inmoking.com\\\/actualidad\\\/teresa-serrano-nueva-directora-retail-parques-comerciales-inmoking\\\/\"]}]},{\"@type\":\"ImageObject\",\"inLanguage\":\"es\",\"@id\":\"https:\\\/\\\/inmoking.com\\\/actualidad\\\/teresa-serrano-nueva-directora-retail-parques-comerciales-inmoking\\\/#primaryimage\",\"url\":\"https:\\\/\\\/inmoking.com\\\/actualidad\\\/wp-content\\\/uploads\\\/2018\\\/05\\\/Teresa-Serrano-nueva-directora-Retail-y-Parques-comerciales-de-InmoKing-Real-Estate.jpg\",\"contentUrl\":\"https:\\\/\\\/inmoking.com\\\/actualidad\\\/wp-content\\\/uploads\\\/2018\\\/05\\\/Teresa-Serrano-nueva-directora-Retail-y-Parques-comerciales-de-InmoKing-Real-Estate.jpg\",\"width\":900,\"height\":600,\"caption\":\"Teresa Serrano nueva directora de Retail y Parques comerciales de InmoKing Real Estate\"},{\"@type\":\"WebSite\",\"@id\":\"https:\\\/\\\/inmoking.com\\\/actualidad\\\/#website\",\"url\":\"https:\\\/\\\/inmoking.com\\\/actualidad\\\/\",\"name\":\"Actualidad Inmoking\",\"description\":\"Blog sector inmobiliario de Inmoking Real Estate\",\"publisher\":{\"@id\":\"https:\\\/\\\/inmoking.com\\\/actualidad\\\/#organization\"},\"potentialAction\":[{\"@type\":\"SearchAction\",\"target\":{\"@type\":\"EntryPoint\",\"urlTemplate\":\"https:\\\/\\\/inmoking.com\\\/actualidad\\\/?s={search_term_string}\"},\"query-input\":{\"@type\":\"PropertyValueSpecification\",\"valueRequired\":true,\"valueName\":\"search_term_string\"}}],\"inLanguage\":\"es\"},{\"@type\":\"Organization\",\"@id\":\"https:\\\/\\\/inmoking.com\\\/actualidad\\\/#organization\",\"name\":\"Actualidad Inmoking\",\"url\":\"https:\\\/\\\/inmoking.com\\\/actualidad\\\/\",\"logo\":{\"@type\":\"ImageObject\",\"inLanguage\":\"es\",\"@id\":\"https:\\\/\\\/inmoking.com\\\/actualidad\\\/#\\\/schema\\\/logo\\\/image\\\/\",\"url\":\"https:\\\/\\\/inmoking.com\\\/actualidad\\\/wp-content\\\/uploads\\\/2021\\\/09\\\/logo-inmoking.png\",\"contentUrl\":\"https:\\\/\\\/inmoking.com\\\/actualidad\\\/wp-content\\\/uploads\\\/2021\\\/09\\\/logo-inmoking.png\",\"width\":360,\"height\":58,\"caption\":\"Actualidad Inmoking\"},\"image\":{\"@id\":\"https:\\\/\\\/inmoking.com\\\/actualidad\\\/#\\\/schema\\\/logo\\\/image\\\/\"}},{\"@type\":\"Person\",\"@id\":\"https:\\\/\\\/inmoking.com\\\/actualidad\\\/#\\\/schema\\\/person\\\/14cf29860202c36f88f0a45a5c201335\",\"name\":\"inmoking\",\"image\":{\"@type\":\"ImageObject\",\"inLanguage\":\"es\",\"@id\":\"https:\\\/\\\/secure.gravatar.com\\\/avatar\\\/1f1809877ea8af7f9f97d3c51a9e7b3c8274c8c24cbe33702167a88a0413bdd5?s=96&d=mm&r=g\",\"url\":\"https:\\\/\\\/secure.gravatar.com\\\/avatar\\\/1f1809877ea8af7f9f97d3c51a9e7b3c8274c8c24cbe33702167a88a0413bdd5?s=96&d=mm&r=g\",\"contentUrl\":\"https:\\\/\\\/secure.gravatar.com\\\/avatar\\\/1f1809877ea8af7f9f97d3c51a9e7b3c8274c8c24cbe33702167a88a0413bdd5?s=96&d=mm&r=g\",\"caption\":\"inmoking\"},\"sameAs\":[\"https:\\\/\\\/www.inmoking.com\\\/actualidad\"],\"url\":\"https:\\\/\\\/inmoking.com\\\/actualidad\\\/author\\\/inmoking\\\/\"}]}<\/script>\n<!-- \/ Yoast SEO plugin. -->","yoast_head_json":{"title":"Teresa Serrano nueva directora de Retail y Parques comerciales de InmoKing - Actualidad Inmoking","description":"Teresa Serrano nueva directora de Retail y Parques comerciales de InmoKing - Actualidad Inmoking","robots":{"index":"index","follow":"follow","max-snippet":"max-snippet:-1","max-image-preview":"max-image-preview:large","max-video-preview":"max-video-preview:-1"},"canonical":"https:\/\/inmoking.com\/actualidad\/teresa-serrano-nueva-directora-retail-parques-comerciales-inmoking\/","og_locale":"es_ES","og_type":"article","og_title":"Teresa Serrano nueva directora de Retail y Parques comerciales de InmoKing - Actualidad Inmoking","og_description":"Teresa Serrano nueva directora de Retail y Parques comerciales de InmoKing - Actualidad Inmoking","og_url":"https:\/\/inmoking.com\/actualidad\/teresa-serrano-nueva-directora-retail-parques-comerciales-inmoking\/","og_site_name":"Actualidad Inmoking","article_published_time":"2018-05-02T07:54:18+00:00","og_image":[{"width":900,"height":600,"url":"https:\/\/inmoking.com\/actualidad\/wp-content\/uploads\/2018\/05\/Teresa-Serrano-nueva-directora-Retail-y-Parques-comerciales-de-InmoKing-Real-Estate.jpg","type":"image\/jpeg"}],"author":"inmoking","twitter_card":"summary_large_image","twitter_misc":{"Escrito por":"inmoking","Tiempo de lectura":"1 minuto"},"schema":{"@context":"https:\/\/schema.org","@graph":[{"@type":"Article","@id":"https:\/\/inmoking.com\/actualidad\/teresa-serrano-nueva-directora-retail-parques-comerciales-inmoking\/#article","isPartOf":{"@id":"https:\/\/inmoking.com\/actualidad\/teresa-serrano-nueva-directora-retail-parques-comerciales-inmoking\/"},"author":{"name":"inmoking","@id":"https:\/\/inmoking.com\/actualidad\/#\/schema\/person\/14cf29860202c36f88f0a45a5c201335"},"headline":"Teresa Serrano nueva directora de Retail y Parques comerciales de InmoKing","datePublished":"2018-05-02T07:54:18+00:00","mainEntityOfPage":{"@id":"https:\/\/inmoking.com\/actualidad\/teresa-serrano-nueva-directora-retail-parques-comerciales-inmoking\/"},"wordCount":190,"commentCount":0,"publisher":{"@id":"https:\/\/inmoking.com\/actualidad\/#organization"},"image":{"@id":"https:\/\/inmoking.com\/actualidad\/teresa-serrano-nueva-directora-retail-parques-comerciales-inmoking\/#primaryimage"},"thumbnailUrl":"https:\/\/inmoking.com\/actualidad\/wp-content\/uploads\/2018\/05\/Teresa-Serrano-nueva-directora-Retail-y-Parques-comerciales-de-InmoKing-Real-Estate.jpg","articleSection":["Noticias"],"inLanguage":"es","potentialAction":[{"@type":"CommentAction","name":"Comment","target":["https:\/\/inmoking.com\/actualidad\/teresa-serrano-nueva-directora-retail-parques-comerciales-inmoking\/#respond"]}]},{"@type":"WebPage","@id":"https:\/\/inmoking.com\/actualidad\/teresa-serrano-nueva-directora-retail-parques-comerciales-inmoking\/","url":"https:\/\/inmoking.com\/actualidad\/teresa-serrano-nueva-directora-retail-parques-comerciales-inmoking\/","name":"Teresa Serrano nueva directora de Retail y Parques comerciales de InmoKing - Actualidad Inmoking","isPartOf":{"@id":"https:\/\/inmoking.com\/actualidad\/#website"},"primaryImageOfPage":{"@id":"https:\/\/inmoking.com\/actualidad\/teresa-serrano-nueva-directora-retail-parques-comerciales-inmoking\/#primaryimage"},"image":{"@id":"https:\/\/inmoking.com\/actualidad\/teresa-serrano-nueva-directora-retail-parques-comerciales-inmoking\/#primaryimage"},"thumbnailUrl":"https:\/\/inmoking.com\/actualidad\/wp-content\/uploads\/2018\/05\/Teresa-Serrano-nueva-directora-Retail-y-Parques-comerciales-de-InmoKing-Real-Estate.jpg","datePublished":"2018-05-02T07:54:18+00:00","description":"Teresa Serrano nueva directora de Retail y Parques comerciales de InmoKing - Actualidad Inmoking","inLanguage":"es","potentialAction":[{"@type":"ReadAction","target":["https:\/\/inmoking.com\/actualidad\/teresa-serrano-nueva-directora-retail-parques-comerciales-inmoking\/"]}]},{"@type":"ImageObject","inLanguage":"es","@id":"https:\/\/inmoking.com\/actualidad\/teresa-serrano-nueva-directora-retail-parques-comerciales-inmoking\/#primaryimage","url":"https:\/\/inmoking.com\/actualidad\/wp-content\/uploads\/2018\/05\/Teresa-Serrano-nueva-directora-Retail-y-Parques-comerciales-de-InmoKing-Real-Estate.jpg","contentUrl":"https:\/\/inmoking.com\/actualidad\/wp-content\/uploads\/2018\/05\/Teresa-Serrano-nueva-directora-Retail-y-Parques-comerciales-de-InmoKing-Real-Estate.jpg","width":900,"height":600,"caption":"Teresa Serrano nueva directora de Retail y Parques comerciales de InmoKing Real Estate"},{"@type":"WebSite","@id":"https:\/\/inmoking.com\/actualidad\/#website","url":"https:\/\/inmoking.com\/actualidad\/","name":"Actualidad Inmoking","description":"Blog sector inmobiliario de Inmoking Real Estate","publisher":{"@id":"https:\/\/inmoking.com\/actualidad\/#organization"},"potentialAction":[{"@type":"SearchAction","target":{"@type":"EntryPoint","urlTemplate":"https:\/\/inmoking.com\/actualidad\/?s={search_term_string}"},"query-input":{"@type":"PropertyValueSpecification","valueRequired":true,"valueName":"search_term_string"}}],"inLanguage":"es"},{"@type":"Organization","@id":"https:\/\/inmoking.com\/actualidad\/#organization","name":"Actualidad Inmoking","url":"https:\/\/inmoking.com\/actualidad\/","logo":{"@type":"ImageObject","inLanguage":"es","@id":"https:\/\/inmoking.com\/actualidad\/#\/schema\/logo\/image\/","url":"https:\/\/inmoking.com\/actualidad\/wp-content\/uploads\/2021\/09\/logo-inmoking.png","contentUrl":"https:\/\/inmoking.com\/actualidad\/wp-content\/uploads\/2021\/09\/logo-inmoking.png","width":360,"height":58,"caption":"Actualidad Inmoking"},"image":{"@id":"https:\/\/inmoking.com\/actualidad\/#\/schema\/logo\/image\/"}},{"@type":"Person","@id":"https:\/\/inmoking.com\/actualidad\/#\/schema\/person\/14cf29860202c36f88f0a45a5c201335","name":"inmoking","image":{"@type":"ImageObject","inLanguage":"es","@id":"https:\/\/secure.gravatar.com\/avatar\/1f1809877ea8af7f9f97d3c51a9e7b3c8274c8c24cbe33702167a88a0413bdd5?s=96&d=mm&r=g","url":"https:\/\/secure.gravatar.com\/avatar\/1f1809877ea8af7f9f97d3c51a9e7b3c8274c8c24cbe33702167a88a0413bdd5?s=96&d=mm&r=g","contentUrl":"https:\/\/secure.gravatar.com\/avatar\/1f1809877ea8af7f9f97d3c51a9e7b3c8274c8c24cbe33702167a88a0413bdd5?s=96&d=mm&r=g","caption":"inmoking"},"sameAs":["https:\/\/www.inmoking.com\/actualidad"],"url":"https:\/\/inmoking.com\/actualidad\/author\/inmoking\/"}]}},"_links":{"self":[{"href":"https:\/\/inmoking.com\/actualidad\/wp-json\/wp\/v2\/posts\/22176","targetHints":{"allow":["GET"]}}],"collection":[{"href":"https:\/\/inmoking.com\/actualidad\/wp-json\/wp\/v2\/posts"}],"about":[{"href":"https:\/\/inmoking.com\/actualidad\/wp-json\/wp\/v2\/types\/post"}],"author":[{"embeddable":true,"href":"https:\/\/inmoking.com\/actualidad\/wp-json\/wp\/v2\/users\/1"}],"replies":[{"embeddable":true,"href":"https:\/\/inmoking.com\/actualidad\/wp-json\/wp\/v2\/comments?post=22176"}],"version-history":[{"count":0,"href":"https:\/\/inmoking.com\/actualidad\/wp-json\/wp\/v2\/posts\/22176\/revisions"}],"wp:featuredmedia":[{"embeddable":true,"href":"https:\/\/inmoking.com\/actualidad\/wp-json\/wp\/v2\/media\/22179"}],"wp:attachment":[{"href":"https:\/\/inmoking.com\/actualidad\/wp-json\/wp\/v2\/media?parent=22176"}],"wp:term":[{"taxonomy":"category","embeddable":true,"href":"https:\/\/inmoking.com\/actualidad\/wp-json\/wp\/v2\/categories?post=22176"},{"taxonomy":"post_tag","embeddable":true,"href":"https:\/\/inmoking.com\/actualidad\/wp-json\/wp\/v2\/tags?post=22176"}],"curies":[{"name":"wp","href":"https:\/\/api.w.org\/{rel}","templated":true}]}}